{"id":1555,"date":"2025-10-03T10:40:16","date_gmt":"2025-10-03T16:40:16","guid":{"rendered":"https:\/\/radioomax.com\/?p=1555"},"modified":"2025-10-04T10:42:58","modified_gmt":"2025-10-04T16:42:58","slug":"al-menos-94-policias-heridos-durante-marcha-por-el-2-de-octubre","status":"publish","type":"post","link":"https:\/\/radioomax.com\/?p=1555","title":{"rendered":"Al menos 94 polic\u00edas heridos durante marcha por el 2 de octubre"},"content":{"rendered":"\n<p><a><\/a>La SSC indic\u00f3 que los polic\u00edas fueron trasladados a distintos hospitales y que \u201cla mayor\u00eda podr\u00edan ser dados de alta en las pr\u00f3ximas horas y solo tres de ellos se reportan delicados\u201d<\/p>\n\n\n\n<p>Al menos 94 polic\u00edas resultaron heridos durante la manifestaci\u00f3n que conmemor\u00f3 el 57 aniversario de la masacre estudiantil de Tlatelolco, del 2 de octubre de 1968, inform\u00f3 este jueves la Secretar\u00eda de Seguridad Ciudadana (SSC) de la Ciudad de M\u00e9xico.<\/p>\n\n\n\n<p>Por su parte, los servicios de emergencias informaron de que fueron atendidas otras 29 personas.<\/p>\n\n\n\n<p>En un comunicado, la SSC indic\u00f3 que los polic\u00edas fueron trasladados a distintos hospitales y que \u201cla mayor\u00eda podr\u00edan ser dados de alta en las pr\u00f3ximas horas y solo tres de ellos se reportan delicados\u201d.<\/p>\n\n\n\n<p>Este jueves centenares de manifestantes embozados encabezaron las acciones violentas, entre ellas ataques a la polic\u00eda, en el Z\u00f3calo de la Ciudad de M\u00e9xico, que opac\u00f3 el mitin conmemorativo.<\/p>\n\n\n\n<p>Con la protesta -apenas iniciada a las 16:00 h local en la Plaza de las Tres Culturas en Tlatelolco con destino al Z\u00f3calo, la plaza m\u00e1s grande de M\u00e9xico\u2013 los disturbios arrancaron con pintas, saqueos en tiendas departamentales, de las cuales se extrajo comida, botes de pintura, aerosoles y objetos que posteriormente fueron usados contra la polic\u00eda y periodistas.<\/p>\n\n\n\n<p>En el Z\u00f3calo la protesta se dividi\u00f3 en dos: los manifestantes que quer\u00edan llevarla a cabo de manera pac\u00edfica y otro grupo que lanz\u00f3 piedras, petardos, bombas molotov y cubetas de pintura a la polic\u00eda.<\/p>\n\n\n\n<p>Este grupo, que se enfrent\u00f3 a las autoridades durante unos noventa minutos, usaron lanzallamas caseros, que provocaron da\u00f1os a los uniformes de los agentes policiales que rodeaban tiendas departamentales, as\u00ed como joyer\u00edas, para evitar el saqueo y las pintadas a los edificios del centro hist\u00f3rico de la capital.<\/p>\n\n\n\n<p>Los polic\u00edas respondieron a las agresiones con qu\u00edmico de extintores, aunque muchos fueron despojados de sus escudos y cascos por parte de los manifestantes, quienes adem\u00e1s intentaron quemarlos y atacarlos con piedras y martillos.<\/p>\n\n\n\n<p>Decenas de tiendas departamentales fueron afectadas por saqueos, pintadas o los destrozos de las instalaciones.<\/p>\n\n\n\n<p>Tras los hechos, el jefe de la polic\u00eda de Ciudad de M\u00e9xico, Pablo V\u00e1zquez, se\u00f1al\u00f3, en un primer momento, que hab\u00eda civiles y polic\u00edas heridos sin indicar el n\u00famero de lesionados.<\/p>\n\n\n\n<p>Precis\u00f3 que la protesta cont\u00f3 con la vigilancia de 500 polic\u00edas que \u201cacompa\u00f1aron esta marcha para contener y encauzar a los manifestantes (\u2026) portaron solamente equipo de protecci\u00f3n personal compuesto por escudo, casco, rodilleras y coderas, as\u00ed como algunos extintores para evitar posibles conatos de incendio que pusieran en riesgo a los participantes\u201c.<\/p>\n\n\n\n<p>V\u00e1zquez explic\u00f3 que \u201cun grupo de encapuchados que portaban piedras, palos y otros objetos peligrosos se tornaron violentos y agredieron a los polic\u00edas que acompa\u00f1aban la marcha\u201d, por lo que fue necesario reforzar la presencia policial con mil agentes adicionales, llegando a un total de mil 500 polic\u00edas.<\/p>\n\n\n\n<p>Tambi\u00e9n dijo que ya se trabaja en la identificaci\u00f3n de las personas que cometieron delitos durante la manifestaci\u00f3n y se abri\u00f3 una investigaci\u00f3n con la Fiscal\u00eda General de Justicia de la Ciudad de M\u00e9xico.<\/p>\n\n\n\n<p>El choque entre los encapuchados y los polic\u00edas es considerado uno de los m\u00e1s violentos en los \u00faltimos a\u00f1os, el cual se enmarca en el aniversario de la masacre estudiantil de Tlatelolco del 2 de octubre de 1968, donde fueron asesinados m\u00e1s de 300 estudiantes y otros cientos desaparecidos, seg\u00fan organizaciones civiles, aunque las autoridades s\u00f3lo reportaron 37 decesos.<\/p>\n","protected":false},"excerpt":{"rendered":"<p>La SSC indic\u00f3 que los polic\u00edas fueron trasladados a distintos hospitales y que \u201cla mayor\u00eda podr\u00edan ser dados<\/p>\n","protected":false},"author":1,"featured_media":1556,"comment_status":"open","ping_status":"closed","sticky":false,"template":"","format":"standard","meta":{"footnotes":""},"categories":[7],"tags":[],"class_list":["post-1555","post","type-post","status-publish","format-standard","has-post-thumbnail","hentry","category-nacional"],"_links":{"self":[{"href":"https:\/\/radioomax.com\/index.php?rest_route=\/wp\/v2\/posts\/1555","targetHints":{"allow":["GET"]}}],"collection":[{"href":"https:\/\/radioomax.com\/index.php?rest_route=\/wp\/v2\/posts"}],"about":[{"href":"https:\/\/radioomax.com\/index.php?rest_route=\/wp\/v2\/types\/post"}],"author":[{"embeddable":true,"href":"https:\/\/radioomax.com\/index.php?rest_route=\/wp\/v2\/users\/1"}],"replies":[{"embeddable":true,"href":"https:\/\/radioomax.com\/index.php?rest_route=%2Fwp%2Fv2%2Fcomments&post=1555"}],"version-history":[{"count":1,"href":"https:\/\/radioomax.com\/index.php?rest_route=\/wp\/v2\/posts\/1555\/revisions"}],"predecessor-version":[{"id":1557,"href":"https:\/\/radioomax.com\/index.php?rest_route=\/wp\/v2\/posts\/1555\/revisions\/1557"}],"wp:featuredmedia":[{"embeddable":true,"href":"https:\/\/radioomax.com\/index.php?rest_route=\/wp\/v2\/media\/1556"}],"wp:attachment":[{"href":"https:\/\/radioomax.com\/index.php?rest_route=%2Fwp%2Fv2%2Fmedia&parent=1555"}],"wp:term":[{"taxonomy":"category","embeddable":true,"href":"https:\/\/radioomax.com\/index.php?rest_route=%2Fwp%2Fv2%2Fcategories&post=1555"},{"taxonomy":"post_tag","embeddable":true,"href":"https:\/\/radioomax.com\/index.php?rest_route=%2Fwp%2Fv2%2Ftags&post=1555"}],"curies":[{"name":"wp","href":"https:\/\/api.w.org\/{rel}","templated":true}]}}