{"id":1583,"date":"2025-10-04T22:45:37","date_gmt":"2025-10-05T04:45:37","guid":{"rendered":"https:\/\/radioomax.com\/?p=1583"},"modified":"2025-10-04T22:45:39","modified_gmt":"2025-10-05T04:45:39","slug":"se-vivira-en-grande-el-festival-internacional-en-la-costa-del-seno-mexicano-erasmo-gonzalez","status":"publish","type":"post","link":"https:\/\/radioomax.com\/?p=1583","title":{"rendered":"Se vivir\u00e1 en grande el Festival Internacional en la Costa del Seno Mexicano: Erasmo Gonz\u00e1lez"},"content":{"rendered":"\n<p>tival Internacional en la Costa del Seno Mexicano, un evento que reunir\u00e1 diversas expresiones art\u00edsticas con el objetivo de acercar la cultura a todas las familias.<\/p>\n\n\n\n<p>Destac\u00f3 que este importante encuentro ser\u00e1 una gran fiesta cultural que inicia ma\u00f1ana y hasta el 12 de octubre en los 43 municipios de Tamaulipas, en el que se presentar\u00e1 una amplia cartelera de actividades gratuitas de talla local, nacional e internacional en diferentes espacios p\u00fablicos.<\/p>\n\n\n\n<p>Este viernes 3 de octubre a partir de las 19:00 horas en la plaza \u201cIsauro Alfaro Otero\u201d se presentar\u00e1 Esther Tovar, la Dama del Bolero Jazz, quien ha dedicado m\u00e1s de 20 a\u00f1os a la m\u00fasica, consolid\u00e1ndose como int\u00e9rprete del Bolero Feeling. Su pasi\u00f3n por el canto la ha llevado a presentarse en escenarios de M\u00e9xico y Estados Unidos.<\/p>\n\n\n\n<p>Asimismo, Erasmo Gonz\u00e1lez refiri\u00f3 que en el municipio las presentaciones se realizar\u00e1n en la plaza \u201cIsauro Alfaro Otero\u201d; Centro Cultural Bicentenario y plaza del Arte Miramar (en el acceso a las Escolleras), cont\u00e1ndose con la participaci\u00f3n de destacados talentos art\u00edsticos, como: Cumbia por el Mundo, Viola Trigo, Las Hermanas Garc\u00eda, Brassas Mexican Beat, Mr. Trash y Adicto.<\/p>\n\n\n\n<p>Subray\u00f3 que la suma de Ciudad Madero a este festival fortalece la identidad cultural, adem\u00e1s de ofrecer espect\u00e1culos de calidad de manera gratuita, garantizando el acceso de la ciudadan\u00eda a eventos que promuevan el arte, la convivencia y el desarrollo social.<\/p>\n\n\n\n<p>De igual forma, el alcalde maderense resalt\u00f3 el inter\u00e9s y respaldo del gobernador del Estado, Dr. Am\u00e9rico Villarreal Anaya, para apoyar la cultura y el arte en todo el territorio tamaulipeco, impulsando festivales y programas que permitan que la riqueza art\u00edstica llegue a cada rinc\u00f3n de la entidad.<\/p>\n\n\n\n<p>Cabe hacer menci\u00f3n que en total se presentar\u00e1n 66 artistas tamaulipecos, 26 propuestas nacionales y 9 proyectos internacionales, con enfoque en inclusi\u00f3n y diversidad, en especial atenci\u00f3n a infancias y juventudes.<\/p>\n","protected":false},"excerpt":{"rendered":"<p>tival Internacional en la Costa del Seno Mexicano, un evento que reunir\u00e1 diversas expresiones art\u00edsticas con el objetivo<\/p>\n","protected":false},"author":1,"featured_media":1584,"comment_status":"open","ping_status":"closed","sticky":false,"template":"","format":"standard","meta":{"footnotes":""},"categories":[6,4],"tags":[],"class_list":["post-1583","post","type-post","status-publish","format-standard","has-post-thumbnail","hentry","category-madero","category-tamaulipas"],"_links":{"self":[{"href":"https:\/\/radioomax.com\/index.php?rest_route=\/wp\/v2\/posts\/1583","targetHints":{"allow":["GET"]}}],"collection":[{"href":"https:\/\/radioomax.com\/index.php?rest_route=\/wp\/v2\/posts"}],"about":[{"href":"https:\/\/radioomax.com\/index.php?rest_route=\/wp\/v2\/types\/post"}],"author":[{"embeddable":true,"href":"https:\/\/radioomax.com\/index.php?rest_route=\/wp\/v2\/users\/1"}],"replies":[{"embeddable":true,"href":"https:\/\/radioomax.com\/index.php?rest_route=%2Fwp%2Fv2%2Fcomments&post=1583"}],"version-history":[{"count":1,"href":"https:\/\/radioomax.com\/index.php?rest_route=\/wp\/v2\/posts\/1583\/revisions"}],"predecessor-version":[{"id":1585,"href":"https:\/\/radioomax.com\/index.php?rest_route=\/wp\/v2\/posts\/1583\/revisions\/1585"}],"wp:featuredmedia":[{"embeddable":true,"href":"https:\/\/radioomax.com\/index.php?rest_route=\/wp\/v2\/media\/1584"}],"wp:attachment":[{"href":"https:\/\/radioomax.com\/index.php?rest_route=%2Fwp%2Fv2%2Fmedia&parent=1583"}],"wp:term":[{"taxonomy":"category","embeddable":true,"href":"https:\/\/radioomax.com\/index.php?rest_route=%2Fwp%2Fv2%2Fcategories&post=1583"},{"taxonomy":"post_tag","embeddable":true,"href":"https:\/\/radioomax.com\/index.php?rest_route=%2Fwp%2Fv2%2Ftags&post=1583"}],"curies":[{"name":"wp","href":"https:\/\/api.w.org\/{rel}","templated":true}]}}