{"id":1586,"date":"2025-10-04T23:42:53","date_gmt":"2025-10-05T05:42:53","guid":{"rendered":"https:\/\/radioomax.com\/?p=1586"},"modified":"2025-10-04T23:42:56","modified_gmt":"2025-10-05T05:42:56","slug":"capturan-en-jalisco-al-exjugador-de-las-chivas-omar-bravo","status":"publish","type":"post","link":"https:\/\/radioomax.com\/?p=1586","title":{"rendered":"Capturan en Jalisco al exjugador de las Chivas, Omar Bravo"},"content":{"rendered":"\n<p>El exjugador de futbol profesional de las Chivas fue capturado en Zapopan acusado de abuso en contra de una adolescente<\/p>\n\n\n\n<p>Por su presunta responsabilidad en el delito de abuso sexual infantil agravado, elementos de la polic\u00eda de investigaci\u00f3n adscritos a la Vicefiscal\u00eda en Investigaci\u00f3n Especializada en Atenci\u00f3n a Mujeres, Ni\u00f1as, Ni\u00f1os y Adolescentes, Raz\u00f3n de G\u00e9nero y Familia de Jalisco, detuvieron a Omar Bravo, exjugador de las Chivas del Guadalajara.<\/p>\n\n\n\n<p>Omar \u201cN\u201d fue capturado mediante un operativo en el centro del municipio de Zapopan, Jalisco.<\/p>\n\n\n\n<p>Luego de la denuncia presentada, se integr\u00f3 una carpeta de investigaci\u00f3n con la que se pudo obtener una orden de aprehensi\u00f3n en contra del se\u00f1alado, a trav\u00e9s del Juzgado D\u00e9cimo de Control, Enjuiciamiento y Justicia Integral para Adolescentes, del Primer Distrito Judicial.<\/p>\n\n\n\n<p>En las pr\u00f3ximas horas Omar \u201cN\u201d ser\u00e1 puesto a disposici\u00f3n del Juzgado que le decret\u00f3 el mandato judicial.<\/p>\n\n\n\n<p>De las investigaciones se desprende que el se\u00f1alado habr\u00eda abusado de una adolescente en distintas ocasiones en los \u00faltimos meses, se presume que anteriormente habr\u00eda cometido acciones similares.<\/p>\n\n\n\n<p>La Fiscal\u00eda de Jalisco reiter\u00f3 que continuar\u00e1 con las investigaciones necesarias para esclarecer estos hechos.<\/p>\n","protected":false},"excerpt":{"rendered":"<p>El exjugador de futbol profesional de las Chivas fue capturado en Zapopan acusado de abuso en contra de<\/p>\n","protected":false},"author":1,"featured_media":1587,"comment_status":"open","ping_status":"closed","sticky":false,"template":"","format":"standard","meta":{"footnotes":""},"categories":[7],"tags":[],"class_list":["post-1586","post","type-post","status-publish","format-standard","has-post-thumbnail","hentry","category-nacional"],"_links":{"self":[{"href":"https:\/\/radioomax.com\/index.php?rest_route=\/wp\/v2\/posts\/1586","targetHints":{"allow":["GET"]}}],"collection":[{"href":"https:\/\/radioomax.com\/index.php?rest_route=\/wp\/v2\/posts"}],"about":[{"href":"https:\/\/radioomax.com\/index.php?rest_route=\/wp\/v2\/types\/post"}],"author":[{"embeddable":true,"href":"https:\/\/radioomax.com\/index.php?rest_route=\/wp\/v2\/users\/1"}],"replies":[{"embeddable":true,"href":"https:\/\/radioomax.com\/index.php?rest_route=%2Fwp%2Fv2%2Fcomments&post=1586"}],"version-history":[{"count":1,"href":"https:\/\/radioomax.com\/index.php?rest_route=\/wp\/v2\/posts\/1586\/revisions"}],"predecessor-version":[{"id":1588,"href":"https:\/\/radioomax.com\/index.php?rest_route=\/wp\/v2\/posts\/1586\/revisions\/1588"}],"wp:featuredmedia":[{"embeddable":true,"href":"https:\/\/radioomax.com\/index.php?rest_route=\/wp\/v2\/media\/1587"}],"wp:attachment":[{"href":"https:\/\/radioomax.com\/index.php?rest_route=%2Fwp%2Fv2%2Fmedia&parent=1586"}],"wp:term":[{"taxonomy":"category","embeddable":true,"href":"https:\/\/radioomax.com\/index.php?rest_route=%2Fwp%2Fv2%2Fcategories&post=1586"},{"taxonomy":"post_tag","embeddable":true,"href":"https:\/\/radioomax.com\/index.php?rest_route=%2Fwp%2Fv2%2Ftags&post=1586"}],"curies":[{"name":"wp","href":"https:\/\/api.w.org\/{rel}","templated":true}]}}