{"id":1599,"date":"2025-10-04T23:58:00","date_gmt":"2025-10-05T05:58:00","guid":{"rendered":"https:\/\/radioomax.com\/?p=1599"},"modified":"2025-10-05T00:04:00","modified_gmt":"2025-10-05T06:04:00","slug":"gobierno-de-trump-presiona-por-despliegue-de-tropas-en-chicago-y-portland","status":"publish","type":"post","link":"https:\/\/radioomax.com\/?p=1599","title":{"rendered":"Gobierno de Trump presiona por despliegue de tropas en Chicago y Portland"},"content":{"rendered":"\n<p>El Gobierno de Trump presion\u00f3 su campa\u00f1a de despliegue de tropas en ciudades dem\u00f3cratas como Portland y Chicago<\/p>\n\n\n\n<p>El Gobierno de Estados Unidos, encabezado por Donald Trump, presion\u00f3 su campa\u00f1a de despliegue de tropas en ciudades dem\u00f3cratas como Portland y Chicago, a las que planea enviar al menos 500 soldados en total.<\/p>\n\n\n\n<p>El gobernador de Illinois, J.B. Pritzker, dijo este s\u00e1bado que recibi\u00f3 un ultim\u00e1tum de la Casa Blanca sobre el despliegue de tropas, que amenaz\u00f3 con federalizar a 300 miembros de la Guardia Nacional de Illinois.<\/p>\n\n\n\n<p>\u201cEsta ma\u00f1ana, el Departamento de Guerra de la Administraci\u00f3n Trump me dio un ultim\u00e1tum: convoquen a sus tropas o lo haremos nosotros\u201d, explic\u00f3 el gobernador dem\u00f3crata.<\/p>\n\n\n\n<p>Pritzker calific\u00f3 de \u201cabsolutamente indignante y antiestadounidense\u201d exigirle a un gobernador que env\u00ede tropas militares contra su voluntad dentro de sus propias fronteras.<\/p>\n\n\n\n<p>La tensi\u00f3n por las redadas migratorias desplegadas en Chicago y sus alrededores ha aumentado en las \u00faltimas semanas con protestas airadas que han sido en su mayor\u00eda repelidas por los agentes con gases y arrestos de ciudadanos estadounidenses.<\/p>\n\n\n\n<p>Este s\u00e1bado la secretaria de Seguridad Nacional, Kristi Noem, dijo en un mensaje en su cuenta de X que los agentes federales est\u00e1n siendo blanco de \u201cviolentos\u201d ataques.<\/p>\n\n\n\n<p>Una ciudadana estadounidense fue baleada hoy en Chicago por agentes migratorios, despu\u00e9s que supuestamente les apuntara con un arma.<\/p>\n\n\n\n<p>La situaci\u00f3n no es menos tensa en la costa en Portland, Oregon, donde manifestantes llevan varios d\u00edas alzando sus voces frente a las instalaciones del Servicio de Control de Inmigraci\u00f3n y Aduanas (ICE en ingl\u00e9s).<\/p>\n\n\n\n<p>La Casa Blanca est\u00e1 a la espera de la decisi\u00f3n de un juez federal, que escuch\u00f3 argumentos este viernes, si permite el despliegue de al menos 200 soldados de la Guardia Nacional de Oregon en Portland.<\/p>\n\n\n\n<p>El s\u00e1bado pasado Trump anunci\u00f3 su decisi\u00f3n de desplegar las tropas y su autorizaci\u00f3n del uso de la \u201cfuerza total\u201d en Portland, una ciudad que asegur\u00f3 estaba \u201cdevastada por la guerra\u201d y bajo el asedio de Antifa.<\/p>\n\n\n\n<p>Trump tambi\u00e9n ha ordenado despliegues en Los \u00c1ngeles (California), Washington DC y Memphis (Tennessee), con el que aumenta la presencia de militares y fuerzas de agencias federales en ciudades dem\u00f3cratas.<\/p>\n\n\n\n<p>Un juez federal en California determin\u00f3 que el despliegue de soldados en Los \u00c1ngeles, el primero ordenado por el mandatario republicano para reprimir las protestas migratorias, fue ilegal.<\/p>\n","protected":false},"excerpt":{"rendered":"<p>El Gobierno de Trump presion\u00f3 su campa\u00f1a de despliegue de tropas en ciudades dem\u00f3cratas como Portland y Chicago<\/p>\n","protected":false},"author":1,"featured_media":1600,"comment_status":"open","ping_status":"closed","sticky":false,"template":"","format":"standard","meta":{"footnotes":""},"categories":[8],"tags":[],"class_list":["post-1599","post","type-post","status-publish","format-standard","has-post-thumbnail","hentry","category-internacional"],"_links":{"self":[{"href":"https:\/\/radioomax.com\/index.php?rest_route=\/wp\/v2\/posts\/1599","targetHints":{"allow":["GET"]}}],"collection":[{"href":"https:\/\/radioomax.com\/index.php?rest_route=\/wp\/v2\/posts"}],"about":[{"href":"https:\/\/radioomax.com\/index.php?rest_route=\/wp\/v2\/types\/post"}],"author":[{"embeddable":true,"href":"https:\/\/radioomax.com\/index.php?rest_route=\/wp\/v2\/users\/1"}],"replies":[{"embeddable":true,"href":"https:\/\/radioomax.com\/index.php?rest_route=%2Fwp%2Fv2%2Fcomments&post=1599"}],"version-history":[{"count":1,"href":"https:\/\/radioomax.com\/index.php?rest_route=\/wp\/v2\/posts\/1599\/revisions"}],"predecessor-version":[{"id":1601,"href":"https:\/\/radioomax.com\/index.php?rest_route=\/wp\/v2\/posts\/1599\/revisions\/1601"}],"wp:featuredmedia":[{"embeddable":true,"href":"https:\/\/radioomax.com\/index.php?rest_route=\/wp\/v2\/media\/1600"}],"wp:attachment":[{"href":"https:\/\/radioomax.com\/index.php?rest_route=%2Fwp%2Fv2%2Fmedia&parent=1599"}],"wp:term":[{"taxonomy":"category","embeddable":true,"href":"https:\/\/radioomax.com\/index.php?rest_route=%2Fwp%2Fv2%2Fcategories&post=1599"},{"taxonomy":"post_tag","embeddable":true,"href":"https:\/\/radioomax.com\/index.php?rest_route=%2Fwp%2Fv2%2Ftags&post=1599"}],"curies":[{"name":"wp","href":"https:\/\/api.w.org\/{rel}","templated":true}]}}