{"id":1608,"date":"2025-10-05T17:28:18","date_gmt":"2025-10-05T23:28:18","guid":{"rendered":"https:\/\/radioomax.com\/?p=1608"},"modified":"2025-10-05T17:28:21","modified_gmt":"2025-10-05T23:28:21","slug":"priscilla-se-intensifica-a-huracan-categoria-1-en-el-pacifico-mexicano","status":"publish","type":"post","link":"https:\/\/radioomax.com\/?p=1608","title":{"rendered":"\u201cPriscilla\u201d se intensifica a hurac\u00e1n categor\u00eda 1 en el Pac\u00edfico mexicano"},"content":{"rendered":"\n<p>\u201cPriscilla\u201d registra vientos m\u00e1ximos sostenidos de 120 kil\u00f3metros por hora (km\/h), rachas de 150 km\/h y se desplaza hacia el nor-noroeste a 6 km\/h<\/p>\n\n\n\n<p>\u201cPriscilla\u201c, decimosexto cicl\u00f3n de la temporada y que se form\u00f3 el s\u00e1bado en el oc\u00e9ano Pac\u00edfico como tormenta tropical, se intensific\u00f3 a hurac\u00e1n de categor\u00eda 1 en la escala Saffir-Simpson, inform\u00f3 este domingo el Servicio Meteorol\u00f3gico Nacional (SMN).<\/p>\n\n\n\n<p>En su comunicado m\u00e1s reciente, el SMN expuso que la amplia circulaci\u00f3n del meteoro \u201cmantendr\u00e1 la probabilidad lluvias muy fuertes a puntuales torrenciales, fuertes rachas de viento y oleaje elevado en el oeste y sur del pa\u00eds\u201d.<\/p>\n\n\n\n<p>La instituci\u00f3n precis\u00f3 que a las 15:00 h el centro del fen\u00f3meno se localiz\u00f3 a 470 kil\u00f3metros (km) al sur-suroeste de Cabo Corrientes, Jalisco, y a 780 km al sur-sureste de Cabo San Lucas, Baja California Sur.<\/p>\n\n\n\n<p>Y registra vientos m\u00e1ximos sostenidos de 120 kil\u00f3metros por hora (km\/h), rachas de 150 km\/h y se desplaza hacia el nor-noroeste a 6 km\/h.<\/p>\n\n\n\n<p>Se prev\u00e9 que, durante las pr\u00f3ximas horas, contin\u00faen las lluvias torrenciales (de 150 a 250 mil\u00edmetros [mm]) en Michoac\u00e1n (costa y oeste); intensas (de 75 a 150 mm) en Jalisco (costa y este), Colima y Guerrero (oeste y costa); muy fuertes (de 50 a 75 mm) en Nayarit, indic\u00f3 el Meteorol\u00f3gico de M\u00e9xico.<\/p>\n\n\n\n<p>Adem\u00e1s de rachas de viento de 70 a 90 km\/h en costas de Jalisco, Colima y Michoac\u00e1n, y de 40 a 50 km\/h en el occidente de Guerrero. Tambi\u00e9n se pronostica oleaje de 4 a 5 metros (m) de altura en costas de Jalisco, Colima y Michoac\u00e1n, y de 2.5 a 3.5 m en costas de Guerrero.<\/p>\n\n\n\n<p>El Servicio Meteorol\u00f3gico Nacional (SMN), de la Comisi\u00f3n Nacional del Agua (Conagua), en coordinaci\u00f3n con el Centro Nacional de Huracanes, de Estados Unidos de Am\u00e9rica, mantiene una zona de vigilancia por efectos de vientos de tormenta tropical desde Punta San Telmo, Michoac\u00e1n, hasta Punta Mita, Nayarit.<\/p>\n\n\n\n<p>Seg\u00fan los pron\u00f3sticos, Priscilla se mantendr\u00e1 como hurac\u00e1n de categor\u00eda 1 este domingo y ma\u00f1ana lunes es cuando podr\u00eda elevarse a categor\u00eda 2.<\/p>\n\n\n\n<p>Por ello, el SMN, en coordinaci\u00f3n con el Centro Nacional de Huracanes, de Estados Unidos, mantiene una zona de vigilancia por efectos de vientos de tormenta tropical desde Punta San Telmo, Michoac\u00e1n, hasta Punta Mita, Nayarit.<\/p>\n\n\n\n<p>Las lluvias generadas podr\u00edan ser con descargas el\u00e9ctricas y propiciar encharcamientos, deslaves e inundaciones en zonas bajas de los estados mencionados.<\/p>\n\n\n\n<p>Adem\u00e1s, los vientos previstos podr\u00edan derribar \u00e1rboles y anuncios publicitarios, por lo que se exhorta a la poblaci\u00f3n a atender los avisos del SMN, seguir las recomendaciones de Protecci\u00f3n Civil, y extremar precauciones ante el viento y oleaje elevado, apunt\u00f3 la nota.<\/p>\n\n\n\n<p>Hasta ahora se han formado 16 tormentas en el Pac\u00edfico mexicano: \u201cAlvin\u201d, \u201cB\u00e1rbara\u201d, \u201cCosme\u201d, \u201cDalila\u201d, \u201cErick\u201d, \u201cFlossie\u201d, \u201cGil\u201d, \u201cHenriette\u201d, \u201cIvo\u201d, \u201cJuliette\u201d, \u201cKiko\u201d, \u201cLorena\u201d, \u201cMario\u201d y \u201cNarda\u201d, \u201cOctave\u201d y \u201cPriscilla\u201d.<\/p>\n\n\n\n<p>M\u00e9xico prev\u00e9 la formaci\u00f3n de hasta 20 ciclones con nombre en el Pac\u00edfico mexicano durante la actual temporada, de los que entre cuatro y seis podr\u00edan alcanzar las categor\u00edas 3, 4 o incluso 5.<\/p>\n\n\n\n<p>El \u00faltimo hurac\u00e1n que azot\u00f3 al pa\u00eds fue Erick, que toc\u00f3 tierra en el sur de M\u00e9xico el pasado de 19 de junio como hurac\u00e1n categor\u00eda 3 y caus\u00f3 da\u00f1os en Oaxaca y Guerrero, donde muri\u00f3 un menor de edad y dej\u00f3 afectaciones en la infraestructura el\u00e9ctrica, viviendas y \u00e1rboles.<\/p>\n","protected":false},"excerpt":{"rendered":"<p>\u201cPriscilla\u201d registra vientos m\u00e1ximos sostenidos de 120 kil\u00f3metros por hora (km\/h), rachas de 150 km\/h y se desplaza<\/p>\n","protected":false},"author":1,"featured_media":1609,"comment_status":"open","ping_status":"closed","sticky":false,"template":"","format":"standard","meta":{"footnotes":""},"categories":[12],"tags":[],"class_list":["post-1608","post","type-post","status-publish","format-standard","has-post-thumbnail","hentry","category-clima"],"_links":{"self":[{"href":"https:\/\/radioomax.com\/index.php?rest_route=\/wp\/v2\/posts\/1608","targetHints":{"allow":["GET"]}}],"collection":[{"href":"https:\/\/radioomax.com\/index.php?rest_route=\/wp\/v2\/posts"}],"about":[{"href":"https:\/\/radioomax.com\/index.php?rest_route=\/wp\/v2\/types\/post"}],"author":[{"embeddable":true,"href":"https:\/\/radioomax.com\/index.php?rest_route=\/wp\/v2\/users\/1"}],"replies":[{"embeddable":true,"href":"https:\/\/radioomax.com\/index.php?rest_route=%2Fwp%2Fv2%2Fcomments&post=1608"}],"version-history":[{"count":1,"href":"https:\/\/radioomax.com\/index.php?rest_route=\/wp\/v2\/posts\/1608\/revisions"}],"predecessor-version":[{"id":1610,"href":"https:\/\/radioomax.com\/index.php?rest_route=\/wp\/v2\/posts\/1608\/revisions\/1610"}],"wp:featuredmedia":[{"embeddable":true,"href":"https:\/\/radioomax.com\/index.php?rest_route=\/wp\/v2\/media\/1609"}],"wp:attachment":[{"href":"https:\/\/radioomax.com\/index.php?rest_route=%2Fwp%2Fv2%2Fmedia&parent=1608"}],"wp:term":[{"taxonomy":"category","embeddable":true,"href":"https:\/\/radioomax.com\/index.php?rest_route=%2Fwp%2Fv2%2Fcategories&post=1608"},{"taxonomy":"post_tag","embeddable":true,"href":"https:\/\/radioomax.com\/index.php?rest_route=%2Fwp%2Fv2%2Ftags&post=1608"}],"curies":[{"name":"wp","href":"https:\/\/api.w.org\/{rel}","templated":true}]}}