{"id":1832,"date":"2025-10-12T14:37:26","date_gmt":"2025-10-12T20:37:26","guid":{"rendered":"https:\/\/radioomax.com\/?p=1832"},"modified":"2025-10-12T14:37:29","modified_gmt":"2025-10-12T20:37:29","slug":"israel-libera-a-todos-los-miembros-de-las-dos-flotillas-detenidas-rumbo-a-gaza","status":"publish","type":"post","link":"https:\/\/radioomax.com\/?p=1832","title":{"rendered":"Israel libera a todos los miembros de las dos flotillas detenidas rumbo a Gaza"},"content":{"rendered":"\n<p>El equipo jur\u00eddico Adalah calific\u00f3 de \u201cilegal\u201d la detenci\u00f3n de los activistas y registr\u00f3 abusos y malos tratos por parte de Israel<\/p>\n\n\n\n<p>El equipo jur\u00eddico de las flotillas, Adalah, confirm\u00f3 la liberaci\u00f3n de todos los participantes detenidos en Israel que integraban la segunda misi\u00f3n humanitaria, Flotilla de la Libertad, interceptada el mi\u00e9rcoles en aguas internacionales cuando navegaba hacia Gaza.<\/p>\n\n\n\n<p>Con la liberaci\u00f3n de la activista espa\u00f1ola Reyes Rigo -que aterrizar\u00e1 el lunes en Espa\u00f1a- los 462 integrantes de la primera flotilla abordada la semana pasada, Global Sumud, ya han sido deportados.<\/p>\n\n\n\n<p>Reyes fue deportada este domingo por las autoridades israel\u00edes a Jordania, despu\u00e9s de que se solicitara prisi\u00f3n preventiva en su contra por presuntamente morder a una trabajadora de la prisi\u00f3n, lo que prolong\u00f3 su detenci\u00f3n.<\/p>\n\n\n\n<p>La Flotilla de la Libertad, en la que viajaban 145 activistas de 30 pa\u00edses, zarp\u00f3 de Italia a finales de septiembre en direcci\u00f3n a la Franja de Gaza y fue interceptada el mi\u00e9rcoles pasado en aguas internacionales por Israel, d\u00edas antes del abordaje de la GSF, que hab\u00eda partido de Espa\u00f1a a principios del pasado mes.<\/p>\n\n\n\n<p>Adalah calific\u00f3 de \u201cilegal\u201d la detenci\u00f3n de los activistas y registr\u00f3 diversas denuncias de abusos y malos tratos tanto en el abordaje como en la prisi\u00f3n israel\u00ed.<\/p>\n\n\n\n<p>El equipo jur\u00eddico afirm\u00f3 que \u201cel ataque\u201d de Israel contra civiles desarmados en aguas internacionales, la incautaci\u00f3n de buques humanitarios y la detenci\u00f3n de sus participantes constituyen \u201cgraves violaciones del derecho internacional\u201d.<\/p>\n","protected":false},"excerpt":{"rendered":"<p>El equipo jur\u00eddico Adalah calific\u00f3 de \u201cilegal\u201d la detenci\u00f3n de los activistas y registr\u00f3 abusos y malos tratos<\/p>\n","protected":false},"author":1,"featured_media":1833,"comment_status":"open","ping_status":"closed","sticky":false,"template":"","format":"standard","meta":{"footnotes":""},"categories":[8],"tags":[],"class_list":["post-1832","post","type-post","status-publish","format-standard","has-post-thumbnail","hentry","category-internacional"],"_links":{"self":[{"href":"https:\/\/radioomax.com\/index.php?rest_route=\/wp\/v2\/posts\/1832","targetHints":{"allow":["GET"]}}],"collection":[{"href":"https:\/\/radioomax.com\/index.php?rest_route=\/wp\/v2\/posts"}],"about":[{"href":"https:\/\/radioomax.com\/index.php?rest_route=\/wp\/v2\/types\/post"}],"author":[{"embeddable":true,"href":"https:\/\/radioomax.com\/index.php?rest_route=\/wp\/v2\/users\/1"}],"replies":[{"embeddable":true,"href":"https:\/\/radioomax.com\/index.php?rest_route=%2Fwp%2Fv2%2Fcomments&post=1832"}],"version-history":[{"count":1,"href":"https:\/\/radioomax.com\/index.php?rest_route=\/wp\/v2\/posts\/1832\/revisions"}],"predecessor-version":[{"id":1834,"href":"https:\/\/radioomax.com\/index.php?rest_route=\/wp\/v2\/posts\/1832\/revisions\/1834"}],"wp:featuredmedia":[{"embeddable":true,"href":"https:\/\/radioomax.com\/index.php?rest_route=\/wp\/v2\/media\/1833"}],"wp:attachment":[{"href":"https:\/\/radioomax.com\/index.php?rest_route=%2Fwp%2Fv2%2Fmedia&parent=1832"}],"wp:term":[{"taxonomy":"category","embeddable":true,"href":"https:\/\/radioomax.com\/index.php?rest_route=%2Fwp%2Fv2%2Fcategories&post=1832"},{"taxonomy":"post_tag","embeddable":true,"href":"https:\/\/radioomax.com\/index.php?rest_route=%2Fwp%2Fv2%2Ftags&post=1832"}],"curies":[{"name":"wp","href":"https:\/\/api.w.org\/{rel}","templated":true}]}}