{"id":257,"date":"2025-08-16T14:43:00","date_gmt":"2025-08-16T20:43:00","guid":{"rendered":"https:\/\/radioomax.com\/?p=257"},"modified":"2025-08-17T02:48:25","modified_gmt":"2025-08-17T08:48:25","slug":"aeronave-se-accidenta-en-aeropuerto-de-cuernavaca-morelos-hay-lesionados","status":"publish","type":"post","link":"https:\/\/radioomax.com\/?p=257","title":{"rendered":"Aeronave se accidenta en Aeropuerto de Cuernavaca, Morelos; hay lesionados"},"content":{"rendered":"\n<p>Una aeronave tuvo un percance este s\u00e1bado 16 de agosto de 2025 en el Aeropuerto Internacional de Cuernavaca, en Morelos<\/p>\n\n\n\n<p>Una aeronave se accident\u00f3 mientras realizaba maniobras de aterrizaje en el Aeropuerto Internacional de Cuernavaca, en Morelos, la tarde de este s\u00e1bado 16 de agosto de 2025.<\/p>\n\n\n\n<p>Por medio de un comunicado, el Grupo Aeroportuario Marina apunt\u00f3 que dicho incidente ocurri\u00f3 aproximadamente a las 15:10 h cuando la aeronave Cessna 150, matr\u00edcula XB-JNK, perteneciente al Centro de Adiestramiento Aeron\u00e1utico Profesional, aterrizaba sobre la pista 21.<\/p>\n\n\n\n<p>La autoridad indic\u00f3 que no se registraron p\u00e9rdidas humanas en este accidente, sin embargo, lo ocupantes de la aeronave resultaron con quemaduras de primer y segundo grado, por lo que fueron trasladadas de forma inmediata al hospital m\u00e1s cercano.<\/p>\n\n\n\n<p>\u201cPersonal del aeropuerto se encuentra brindando los servicios emergencia, conforme a los protocolos\u201d, se destac\u00f3 en el comunicado.<\/p>\n\n\n\n<p>Se indic\u00f3 que el Grupo Aeroportuario Marina, por medio de la administraci\u00f3n del aeropuerto, coadyuvar\u00e1 en las investigaciones del accidente en el Aeropuerto Internacional de Cuernavaca conforme a sus atribuciones legales y en colaboraci\u00f3n con las autoridades correspondientes.<\/p>\n\n\n\n<p>Hasta el momento no se ha dado a conocer la identidad de las personas lesionadas en este accidente en la instalaci\u00f3n aeroportuaria de Morelos.<\/p>\n\n\n\n<p>De acuerdo a la aplicaci\u00f3n de rastreo Flightradar24, la aeronave se encontraba realizando practicas de toques y despegues.<\/p>\n","protected":false},"excerpt":{"rendered":"<p>Una aeronave tuvo un percance este s\u00e1bado 16 de agosto de 2025 en el Aeropuerto Internacional de Cuernavaca,<\/p>\n","protected":false},"author":1,"featured_media":258,"comment_status":"open","ping_status":"closed","sticky":false,"template":"","format":"standard","meta":{"footnotes":""},"categories":[7],"tags":[],"class_list":["post-257","post","type-post","status-publish","format-standard","has-post-thumbnail","hentry","category-nacional"],"_links":{"self":[{"href":"https:\/\/radioomax.com\/index.php?rest_route=\/wp\/v2\/posts\/257","targetHints":{"allow":["GET"]}}],"collection":[{"href":"https:\/\/radioomax.com\/index.php?rest_route=\/wp\/v2\/posts"}],"about":[{"href":"https:\/\/radioomax.com\/index.php?rest_route=\/wp\/v2\/types\/post"}],"author":[{"embeddable":true,"href":"https:\/\/radioomax.com\/index.php?rest_route=\/wp\/v2\/users\/1"}],"replies":[{"embeddable":true,"href":"https:\/\/radioomax.com\/index.php?rest_route=%2Fwp%2Fv2%2Fcomments&post=257"}],"version-history":[{"count":1,"href":"https:\/\/radioomax.com\/index.php?rest_route=\/wp\/v2\/posts\/257\/revisions"}],"predecessor-version":[{"id":259,"href":"https:\/\/radioomax.com\/index.php?rest_route=\/wp\/v2\/posts\/257\/revisions\/259"}],"wp:featuredmedia":[{"embeddable":true,"href":"https:\/\/radioomax.com\/index.php?rest_route=\/wp\/v2\/media\/258"}],"wp:attachment":[{"href":"https:\/\/radioomax.com\/index.php?rest_route=%2Fwp%2Fv2%2Fmedia&parent=257"}],"wp:term":[{"taxonomy":"category","embeddable":true,"href":"https:\/\/radioomax.com\/index.php?rest_route=%2Fwp%2Fv2%2Fcategories&post=257"},{"taxonomy":"post_tag","embeddable":true,"href":"https:\/\/radioomax.com\/index.php?rest_route=%2Fwp%2Fv2%2Ftags&post=257"}],"curies":[{"name":"wp","href":"https:\/\/api.w.org\/{rel}","templated":true}]}}