{"id":3038,"date":"2025-11-25T21:23:00","date_gmt":"2025-11-26T03:23:00","guid":{"rendered":"https:\/\/radioomax.com\/?p=3038"},"modified":"2025-11-27T09:27:21","modified_gmt":"2025-11-27T15:27:21","slug":"ratifica-gobernador-su-compromiso-con-la-libertad-de-expresion","status":"publish","type":"post","link":"https:\/\/radioomax.com\/?p=3038","title":{"rendered":"Ratifica gobernador su compromiso con la libertad de expresi\u00f3n"},"content":{"rendered":"\n<p><a><\/a>En el 75 aniversario de El Sol de Tampico, Am\u00e9rico Villarreal reconoce la trayectoria ejemplar del diario<\/p>\n\n\n\n<p>Tampico, Tamaulipas.- El gobernador Am\u00e9rico Villarreal Anaya asisti\u00f3 a la celebraci\u00f3n del 75 aniversario de El Sol de Tampico, donde reconoci\u00f3 la trayectoria del medio y su aporte al desarrollo informativo de la regi\u00f3n.<\/p>\n\n\n\n<p>\u201cHoy tuve el honor de acompa\u00f1ar la celebraci\u00f3n por los 75 a\u00f1os de El Sol de Tampico, un medio que ha construido una trayectoria ejemplar con profesionalismo, valores y un profundo compromiso con la verdad\u201d, expres\u00f3 durante su intervenci\u00f3n.<\/p>\n\n\n\n<p>El mandatario destac\u00f3 el papel del diario como testigo y narrador de la historia del sur de Tamaulipas y de la huasteca, resaltando su cercan\u00eda con la comunidad y su credibilidad.<\/p>\n\n\n\n<p>Subray\u00f3 adem\u00e1s la importancia del periodismo en el contexto actual: \u201cHoy m\u00e1s que nunca, esto es importante, porque la transformaci\u00f3n de M\u00e9xico y de Tamaulipas exige \u00e9tica, verdad, la defensa total y sin tregua de nuestras libertades, y plena congruencia y requiere tambi\u00e9n un periodismo con las cualidades aut\u00e9nticas del oficio, como el que ustedes han realizado desde esta casa editorial\u201d.<\/p>\n\n\n\n<p>Villarreal Anaya felicit\u00f3 a la Organizaci\u00f3n Editorial Mexicana y a los directivos de El Sol de Tampico por este aniversario, al tiempo que refrend\u00f3 su compromiso con la libertad de expresi\u00f3n, la democracia y el derecho a la informaci\u00f3n.<\/p>\n","protected":false},"excerpt":{"rendered":"<p>En el 75 aniversario de El Sol de Tampico, Am\u00e9rico Villarreal reconoce la trayectoria ejemplar del diario Tampico,<\/p>\n","protected":false},"author":1,"featured_media":3039,"comment_status":"open","ping_status":"closed","sticky":false,"template":"","format":"standard","meta":{"footnotes":""},"categories":[4],"tags":[],"class_list":["post-3038","post","type-post","status-publish","format-standard","has-post-thumbnail","hentry","category-tamaulipas"],"_links":{"self":[{"href":"https:\/\/radioomax.com\/index.php?rest_route=\/wp\/v2\/posts\/3038","targetHints":{"allow":["GET"]}}],"collection":[{"href":"https:\/\/radioomax.com\/index.php?rest_route=\/wp\/v2\/posts"}],"about":[{"href":"https:\/\/radioomax.com\/index.php?rest_route=\/wp\/v2\/types\/post"}],"author":[{"embeddable":true,"href":"https:\/\/radioomax.com\/index.php?rest_route=\/wp\/v2\/users\/1"}],"replies":[{"embeddable":true,"href":"https:\/\/radioomax.com\/index.php?rest_route=%2Fwp%2Fv2%2Fcomments&post=3038"}],"version-history":[{"count":1,"href":"https:\/\/radioomax.com\/index.php?rest_route=\/wp\/v2\/posts\/3038\/revisions"}],"predecessor-version":[{"id":3040,"href":"https:\/\/radioomax.com\/index.php?rest_route=\/wp\/v2\/posts\/3038\/revisions\/3040"}],"wp:featuredmedia":[{"embeddable":true,"href":"https:\/\/radioomax.com\/index.php?rest_route=\/wp\/v2\/media\/3039"}],"wp:attachment":[{"href":"https:\/\/radioomax.com\/index.php?rest_route=%2Fwp%2Fv2%2Fmedia&parent=3038"}],"wp:term":[{"taxonomy":"category","embeddable":true,"href":"https:\/\/radioomax.com\/index.php?rest_route=%2Fwp%2Fv2%2Fcategories&post=3038"},{"taxonomy":"post_tag","embeddable":true,"href":"https:\/\/radioomax.com\/index.php?rest_route=%2Fwp%2Fv2%2Ftags&post=3038"}],"curies":[{"name":"wp","href":"https:\/\/api.w.org\/{rel}","templated":true}]}}