{"id":3068,"date":"2025-11-26T23:12:00","date_gmt":"2025-11-27T05:12:00","guid":{"rendered":"https:\/\/radioomax.com\/?p=3068"},"modified":"2025-11-29T11:14:05","modified_gmt":"2025-11-29T17:14:05","slug":"impulsan-gobierno-y-dif-tamaulipas-inclusion-y-permanencia-educativa-con-la-entrega-de-becas","status":"publish","type":"post","link":"https:\/\/radioomax.com\/?p=3068","title":{"rendered":"Impulsan Gobierno y DIF Tamaulipas inclusi\u00f3n y permanencia educativa con la entrega de becas"},"content":{"rendered":"\n<p><a><\/a>-\u201cEsperanza de Tamaulipas\u201d y \u201cPara la Inclusi\u00f3n Social en Tamaulipas\u201d son becas que benefician a 2 mil 683 estudiantes en el estado.<\/p>\n\n\n\n<p>Ciudad Victoria, Tamaulipas.\u2013 Con el compromiso de garantizar el acceso y permanencia en el sistema educativo estatal, el DIF Tamaulipas, que preside la doctora Mar\u00eda de Villarreal, entreg\u00f3 las becas \u201cEsperanza de Tamaulipas\u201d y \u201cPara la Inclusi\u00f3n Social en Tamaulipas\u201d, dirigidas a ni\u00f1as, ni\u00f1os y j\u00f3venes de atenci\u00f3n prioritaria.<\/p>\n\n\n\n<p>\u201cDe parte de nuestra querida doctora Mar\u00eda, reciban un gran apapacho y un reconocimiento por su esfuerzo y dedicaci\u00f3n, que hoy se ven reflejados en esta entrega de est\u00edmulos. Para nuestro gobernador, el doctor Am\u00e9rico, y para la doctora Mar\u00eda, impulsar la educaci\u00f3n de la ni\u00f1ez y juventud tamaulipeca es una prioridad, porque est\u00e1n convencidos de que son la base para construir un futuro lleno de oportunidades y bienestar\u201d, expres\u00f3 Patricia Lara Ayala, directora general del DIF Estatal.<\/p>\n\n\n\n<p>Estas becas, orientadas a disminuir la deserci\u00f3n escolar y fortalecer oportunidades de desarrollo, benefician a 2 mil 683 estudiantes de los 43 municipios del estado. Ambas representan un apoyo directo para quienes enfrentan circunstancias que ponen en riesgo la continuidad de sus estudios.<\/p>\n\n\n\n<p>La Beca Esperanza de Tamaulipas est\u00e1 dirigida a estudiantes en situaci\u00f3n de orfandad derivada de delitos de alto impacto, inscritos en instituciones educativas con validez oficial en el estado. Su prop\u00f3sito es brindar un respaldo econ\u00f3mico que permita a ni\u00f1as, ni\u00f1os y adolescentes continuar su formaci\u00f3n acad\u00e9mica pese a las adversidades que han enfrentado.<\/p>\n\n\n\n<p>Por su parte, la Beca para la Inclusi\u00f3n Social en Tamaulipas se otorga a estudiantes con discapacidad motriz, visual, auditiva y\/o intelectual leve, inscritos en instituciones p\u00fablicas o privadas con reconocimiento oficial del Sistema Educativo Estatal en los niveles de primaria, secundaria, medio superior y superior.<\/p>\n\n\n\n<p>Como parte del acto protocolario realizado en el auditorio del DIF Tamaulipas, se realiz\u00f3 la entrega simb\u00f3lica a 13 estudiantes, representantes del total de beneficiarios correspondiente al periodo agosto\u2013diciembre de este a\u00f1o.<\/p>\n\n\n\n<p>En este esfuerzo conjunto participan el Instituto Tamaulipeco de Becas, Est\u00edmulos y Cr\u00e9ditos Educativos, la Secretar\u00eda de Educaci\u00f3n de Tamaulipas y los Mensajeros de Paz, quienes colaboran para generar condiciones equitativas en todos los niveles educativos y acompa\u00f1ar a las y los estudiantes en su desarrollo acad\u00e9mico y formaci\u00f3n en valores.<\/p>\n","protected":false},"excerpt":{"rendered":"<p>-\u201cEsperanza de Tamaulipas\u201d y \u201cPara la Inclusi\u00f3n Social en Tamaulipas\u201d son becas que benefician a 2 mil 683<\/p>\n","protected":false},"author":1,"featured_media":3069,"comment_status":"open","ping_status":"closed","sticky":false,"template":"","format":"standard","meta":{"footnotes":""},"categories":[4],"tags":[],"class_list":["post-3068","post","type-post","status-publish","format-standard","has-post-thumbnail","hentry","category-tamaulipas"],"_links":{"self":[{"href":"https:\/\/radioomax.com\/index.php?rest_route=\/wp\/v2\/posts\/3068","targetHints":{"allow":["GET"]}}],"collection":[{"href":"https:\/\/radioomax.com\/index.php?rest_route=\/wp\/v2\/posts"}],"about":[{"href":"https:\/\/radioomax.com\/index.php?rest_route=\/wp\/v2\/types\/post"}],"author":[{"embeddable":true,"href":"https:\/\/radioomax.com\/index.php?rest_route=\/wp\/v2\/users\/1"}],"replies":[{"embeddable":true,"href":"https:\/\/radioomax.com\/index.php?rest_route=%2Fwp%2Fv2%2Fcomments&post=3068"}],"version-history":[{"count":1,"href":"https:\/\/radioomax.com\/index.php?rest_route=\/wp\/v2\/posts\/3068\/revisions"}],"predecessor-version":[{"id":3070,"href":"https:\/\/radioomax.com\/index.php?rest_route=\/wp\/v2\/posts\/3068\/revisions\/3070"}],"wp:featuredmedia":[{"embeddable":true,"href":"https:\/\/radioomax.com\/index.php?rest_route=\/wp\/v2\/media\/3069"}],"wp:attachment":[{"href":"https:\/\/radioomax.com\/index.php?rest_route=%2Fwp%2Fv2%2Fmedia&parent=3068"}],"wp:term":[{"taxonomy":"category","embeddable":true,"href":"https:\/\/radioomax.com\/index.php?rest_route=%2Fwp%2Fv2%2Fcategories&post=3068"},{"taxonomy":"post_tag","embeddable":true,"href":"https:\/\/radioomax.com\/index.php?rest_route=%2Fwp%2Fv2%2Ftags&post=3068"}],"curies":[{"name":"wp","href":"https:\/\/api.w.org\/{rel}","templated":true}]}}