{"id":3089,"date":"2025-11-27T23:27:00","date_gmt":"2025-11-28T05:27:00","guid":{"rendered":"https:\/\/radioomax.com\/?p=3089"},"modified":"2025-11-29T11:29:08","modified_gmt":"2025-11-29T17:29:08","slug":"dif-tamaulipas-reafirma-la-vocacion-humanista-del-trabajo-social-con-congreso-estatal","status":"publish","type":"post","link":"https:\/\/radioomax.com\/?p=3089","title":{"rendered":"DIF Tamaulipas reafirma la vocaci\u00f3n humanista del trabajo social con Congreso Estatal"},"content":{"rendered":"\n<p><a><\/a> Especialistas, acad\u00e9micos y trabajadoras y trabajadores sociales de distintas instituciones participaron en dos d\u00edas de conferencias y reflexi\u00f3n orientadas a fortalecer la atenci\u00f3n a las familias y la protecci\u00f3n de ni\u00f1as, ni\u00f1os y adolescentes en Tamaulipas<\/p>\n\n\n\n<p>CIUDAD VICTORIA, TAMPS. El Sistema DIF Tamaulipas, encabezado por la doctora Mar\u00eda de Villarreal, llev\u00f3 a cabo el Segundo Congreso Estatal de Trabajo Social \u201cLa familia, columna vertebral del inter\u00e9s superior de la ni\u00f1ez\u201d, un espacio orientado a fortalecer las herramientas profesionales para la atenci\u00f3n y acompa\u00f1amiento de las familias, as\u00ed como de ni\u00f1as, ni\u00f1os y adolescentes en el estado.<\/p>\n\n\n\n<p>En su mensaje, la directora general del DIF Tamaulipas, Patricia Eugenia Lara Ayala, reconoci\u00f3 la labor humana y profesional de las y los trabajadores sociales, quienes representan el primer contacto con una persona que atraviesa una situaci\u00f3n de dolor, miedo, angustia o incertidumbre.<\/p>\n\n\n\n<p>\u201cLa primera cara que vemos las personas que tenemos una situaci\u00f3n de dolor, de riesgo, de violencia o de migraci\u00f3n es la de ustedes. Es la primera cara con la que se encuentra una persona que tiene miedo, que est\u00e1 asustada, angustiada y que no sabe qu\u00e9 va a hacer. La cara amistosa, la cara de apoyo, de conocimiento, es la de ustedes. Es un gusto verlos convocados en este Segundo Congreso Estatal de Trabajo Social con el mismo inter\u00e9s, cari\u00f1o, amor, vocaci\u00f3n y pasi\u00f3n por el servicio y la atenci\u00f3n\u201d, expres\u00f3.<\/p>\n\n\n\n<p>Durante dos d\u00edas, especialistas, acad\u00e9micos y personal operativo compartieron conocimientos y experiencias que permitir\u00e1n mejorar la intervenci\u00f3n en situaciones de riesgo y en el acompa\u00f1amiento a poblaci\u00f3n de atenci\u00f3n prioritaria.<\/p>\n\n\n\n<p>Asistieron trabajadoras y trabajadores sociales de dependencias estatales y federales, representantes de la Universidad Aut\u00f3noma de Tamaulipas, integrantes de procuradur\u00edas de protecci\u00f3n a ni\u00f1as, ni\u00f1os, adolescentes y familias, profesionales de la salud mental, miembros de la Organizaci\u00f3n Internacional de Trabajo Social, as\u00ed como instituciones educativas y organismos dedicados a la formaci\u00f3n y pr\u00e1ctica del trabajo social.<\/p>\n\n\n\n<p>A lo largo de las jornadas se abordaron temas esenciales para el fortalecimiento institucional, entre ellos la importancia del trabajo interinstitucional en la prevenci\u00f3n y atenci\u00f3n de la violencia, el inter\u00e9s superior de la ni\u00f1ez y su marco legal, los factores psicosociales en la din\u00e1mica familiar, el an\u00e1lisis de los distintos tipos de familia en la actualidad y el papel fundamental del trabajo social en la atenci\u00f3n directa a quienes requieren apoyo.<\/p>\n\n\n\n<p>El DIF Tamaulipas agradeci\u00f3 la participaci\u00f3n de quienes integraron este encuentro y reafirm\u00f3 su compromiso de seguir impulsando acciones coordinadas para construir una sociedad m\u00e1s justa, humana y solidaria, donde cada familia encuentre apoyo oportuno y acompa\u00f1amiento digno.<\/p>\n","protected":false},"excerpt":{"rendered":"<p>Especialistas, acad\u00e9micos y trabajadoras y trabajadores sociales de distintas instituciones participaron en dos d\u00edas de conferencias y reflexi\u00f3n<\/p>\n","protected":false},"author":1,"featured_media":3090,"comment_status":"open","ping_status":"closed","sticky":false,"template":"","format":"standard","meta":{"footnotes":""},"categories":[4],"tags":[],"class_list":["post-3089","post","type-post","status-publish","format-standard","has-post-thumbnail","hentry","category-tamaulipas"],"_links":{"self":[{"href":"https:\/\/radioomax.com\/index.php?rest_route=\/wp\/v2\/posts\/3089","targetHints":{"allow":["GET"]}}],"collection":[{"href":"https:\/\/radioomax.com\/index.php?rest_route=\/wp\/v2\/posts"}],"about":[{"href":"https:\/\/radioomax.com\/index.php?rest_route=\/wp\/v2\/types\/post"}],"author":[{"embeddable":true,"href":"https:\/\/radioomax.com\/index.php?rest_route=\/wp\/v2\/users\/1"}],"replies":[{"embeddable":true,"href":"https:\/\/radioomax.com\/index.php?rest_route=%2Fwp%2Fv2%2Fcomments&post=3089"}],"version-history":[{"count":1,"href":"https:\/\/radioomax.com\/index.php?rest_route=\/wp\/v2\/posts\/3089\/revisions"}],"predecessor-version":[{"id":3091,"href":"https:\/\/radioomax.com\/index.php?rest_route=\/wp\/v2\/posts\/3089\/revisions\/3091"}],"wp:featuredmedia":[{"embeddable":true,"href":"https:\/\/radioomax.com\/index.php?rest_route=\/wp\/v2\/media\/3090"}],"wp:attachment":[{"href":"https:\/\/radioomax.com\/index.php?rest_route=%2Fwp%2Fv2%2Fmedia&parent=3089"}],"wp:term":[{"taxonomy":"category","embeddable":true,"href":"https:\/\/radioomax.com\/index.php?rest_route=%2Fwp%2Fv2%2Fcategories&post=3089"},{"taxonomy":"post_tag","embeddable":true,"href":"https:\/\/radioomax.com\/index.php?rest_route=%2Fwp%2Fv2%2Ftags&post=3089"}],"curies":[{"name":"wp","href":"https:\/\/api.w.org\/{rel}","templated":true}]}}