{"id":3112,"date":"2025-11-28T16:18:18","date_gmt":"2025-11-28T22:18:18","guid":{"rendered":"https:\/\/radioomax.com\/?p=3112"},"modified":"2025-11-29T16:21:54","modified_gmt":"2025-11-29T22:21:54","slug":"lucha-de-agricultores-es-legitima-canirac","status":"publish","type":"post","link":"https:\/\/radioomax.com\/?p=3112","title":{"rendered":"Lucha de agricultores es leg\u00edtima: CANIRAC"},"content":{"rendered":"\n<p>MADERO, TAMAULIPAS. \u2013 La C\u00e1mara Nacional de la Industria de Restaurantes y Alimentos Condimentados (CANIRAC) en la zona sur manifest\u00f3 su respeto hacia los bloqueos realizados por agricultores en diversos puntos del estado, al reconocer que su lucha por precios justos es leg\u00edtima y necesaria para el sector agr\u00edcola.<\/p>\n\n\n\n<p>Rodrigo Azc\u00e1rraga Salazar, enlace de CANIRAC en la regi\u00f3n, explic\u00f3 que las movilizaciones podr\u00edan generar incrementos en el precio de los alimentos que provienen del campo, pues una disminuci\u00f3n en el suministro impactar\u00eda directamente en los costos de operaci\u00f3n de los restaurantes.<\/p>\n\n\n\n<p>\u201cSi hay un corte en el suministro de productos agr\u00edcolas derivado de protestas o bloqueos, naturalmente habr\u00e1 menos oferta y, con la misma demanda, los precios subir\u00e1n. Sin embargo, entendemos y respetamos la lucha de los agricultores\u201d, se\u00f1al\u00f3.<\/p>\n\n\n\n<p>Afirm\u00f3 que los restauranteros son los primeros en reconocer el valor del trabajo en el campo, ya que dependen de los insumos que los productores proporcionan diariamente. Subray\u00f3 que los agricultores merecen recibir un pago justo por sus cosechas.<\/p>\n\n\n\n<p>Azc\u00e1rraga confi\u00f3 en que las autoridades lograr\u00e1n un acuerdo que permita resolver el conflicto sin afectar gravemente la cadena de suministro, beneficiando tanto a los agricultores como a los restauranteros y a las familias tamaulipecas.<\/p>\n\n\n\n<p>\u201cTodos dependemos de lo que llega a la mesa. Confiamos en que pronto se alcance una negociaci\u00f3n que favorezca a todos\u201d, expres\u00f3.<\/p>\n\n\n\n<p>Los bloqueos agr\u00edcolas, que se han replicado en varias regiones del pa\u00eds, buscan llamar la atenci\u00f3n del Gobierno Federal ante la necesidad de mejorar los precios de garant\u00eda y apoyos al sector rural.<\/p>\n","protected":false},"excerpt":{"rendered":"<p>MADERO, TAMAULIPAS. \u2013 La C\u00e1mara Nacional de la Industria de Restaurantes y Alimentos Condimentados (CANIRAC) en la zona<\/p>\n","protected":false},"author":1,"featured_media":3113,"comment_status":"open","ping_status":"closed","sticky":false,"template":"","format":"standard","meta":{"footnotes":""},"categories":[6],"tags":[],"class_list":["post-3112","post","type-post","status-publish","format-standard","has-post-thumbnail","hentry","category-madero"],"_links":{"self":[{"href":"https:\/\/radioomax.com\/index.php?rest_route=\/wp\/v2\/posts\/3112","targetHints":{"allow":["GET"]}}],"collection":[{"href":"https:\/\/radioomax.com\/index.php?rest_route=\/wp\/v2\/posts"}],"about":[{"href":"https:\/\/radioomax.com\/index.php?rest_route=\/wp\/v2\/types\/post"}],"author":[{"embeddable":true,"href":"https:\/\/radioomax.com\/index.php?rest_route=\/wp\/v2\/users\/1"}],"replies":[{"embeddable":true,"href":"https:\/\/radioomax.com\/index.php?rest_route=%2Fwp%2Fv2%2Fcomments&post=3112"}],"version-history":[{"count":1,"href":"https:\/\/radioomax.com\/index.php?rest_route=\/wp\/v2\/posts\/3112\/revisions"}],"predecessor-version":[{"id":3114,"href":"https:\/\/radioomax.com\/index.php?rest_route=\/wp\/v2\/posts\/3112\/revisions\/3114"}],"wp:featuredmedia":[{"embeddable":true,"href":"https:\/\/radioomax.com\/index.php?rest_route=\/wp\/v2\/media\/3113"}],"wp:attachment":[{"href":"https:\/\/radioomax.com\/index.php?rest_route=%2Fwp%2Fv2%2Fmedia&parent=3112"}],"wp:term":[{"taxonomy":"category","embeddable":true,"href":"https:\/\/radioomax.com\/index.php?rest_route=%2Fwp%2Fv2%2Fcategories&post=3112"},{"taxonomy":"post_tag","embeddable":true,"href":"https:\/\/radioomax.com\/index.php?rest_route=%2Fwp%2Fv2%2Ftags&post=3112"}],"curies":[{"name":"wp","href":"https:\/\/api.w.org\/{rel}","templated":true}]}}