{"id":3124,"date":"2025-11-28T16:37:16","date_gmt":"2025-11-28T22:37:16","guid":{"rendered":"https:\/\/radioomax.com\/?p=3124"},"modified":"2025-11-29T16:40:44","modified_gmt":"2025-11-29T22:40:44","slug":"fortalecen-operaciones-y-servicios-del-aeropuerto-internacional-de-tampico","status":"publish","type":"post","link":"https:\/\/radioomax.com\/?p=3124","title":{"rendered":"Fortalecen operaciones y servicios del Aeropuerto Internacional de Tampico"},"content":{"rendered":"\n<p>Participa Turismo en la Comisi\u00f3n Consultiva para acelerar el crecimiento y eficiencia del Aeropuerto General Francisco Javier Mina.<\/p>\n\n\n\n<p>TAMPICO, TAMPS. Para fortalecer las acciones conjuntas en beneficio del desarrollo econ\u00f3mico y social de la zona sur de Tamaulipas y robustecer la eficiencia operativa, se realiz\u00f3 la Primera Sesi\u00f3n Ordinaria de la Comisi\u00f3n Consultiva del Aeropuerto de Tampico.<\/p>\n\n\n\n<p>El encuentro se dio con la presencia de Eder Alberto Jimenez Le\u00f3n, presidente de la Comisi\u00f3n Consultiva y Administrador del Aeropuerto de Tampico; Benjam\u00edn Hern\u00e1ndez Rodr\u00edguez, secretario de Turismo en Tamaulipas, as\u00ed como representantes de SEDENA, Guardia Nacional, Aduanas, directivos de aerol\u00edneas, y autoridades locales, entre otras m\u00e1s.<\/p>\n\n\n\n<p>Cabe destacar que entre las acciones de la comisi\u00f3n est\u00e1 analizar, proponer y evaluar acciones y pol\u00edticas que contribuyan al mejoramiento de los servicios aeroportuarios, la infraestructura, la seguridad operativa y el desarrollo econ\u00f3mico regional vinculado con la actividad del aeropuerto.<\/p>\n\n\n\n<p>\u201cLa administraci\u00f3n del gobernador Am\u00e9rico Villarreal Anaya privilegia el trabajo en equipo y la coordinaci\u00f3n para obtener mejores resultados en pro de la sociedad\u201d, se\u00f1al\u00f3 el funcionario estatal.<\/p>\n\n\n\n<p>\u201cDe esta enriquecedora reuni\u00f3n surgieron aportaciones que ser\u00e1n de gran valor para fortalecer las acciones conjuntas en beneficio del desarrollo econ\u00f3mico y social de la zona sur del estado de Tamaulipas, as\u00ed como la eficiencia operativa del Aeropuerto de Tampico\u201d, se\u00f1al\u00f3.<\/p>\n\n\n\n<p>\u201cLos temas tratados fueron desde conectividad y aumento de tr\u00e1fico a\u00e9reo, modernizaci\u00f3n de infraestructura, nuevos servicios, revisi\u00f3n, entre otros temas m\u00e1s\u201d, concluy\u00f3.<\/p>\n","protected":false},"excerpt":{"rendered":"<p>Participa Turismo en la Comisi\u00f3n Consultiva para acelerar el crecimiento y eficiencia del Aeropuerto General Francisco Javier Mina.<\/p>\n","protected":false},"author":1,"featured_media":3125,"comment_status":"open","ping_status":"closed","sticky":false,"template":"","format":"standard","meta":{"footnotes":""},"categories":[4,3],"tags":[],"class_list":["post-3124","post","type-post","status-publish","format-standard","has-post-thumbnail","hentry","category-tamaulipas","category-tampico"],"_links":{"self":[{"href":"https:\/\/radioomax.com\/index.php?rest_route=\/wp\/v2\/posts\/3124","targetHints":{"allow":["GET"]}}],"collection":[{"href":"https:\/\/radioomax.com\/index.php?rest_route=\/wp\/v2\/posts"}],"about":[{"href":"https:\/\/radioomax.com\/index.php?rest_route=\/wp\/v2\/types\/post"}],"author":[{"embeddable":true,"href":"https:\/\/radioomax.com\/index.php?rest_route=\/wp\/v2\/users\/1"}],"replies":[{"embeddable":true,"href":"https:\/\/radioomax.com\/index.php?rest_route=%2Fwp%2Fv2%2Fcomments&post=3124"}],"version-history":[{"count":1,"href":"https:\/\/radioomax.com\/index.php?rest_route=\/wp\/v2\/posts\/3124\/revisions"}],"predecessor-version":[{"id":3126,"href":"https:\/\/radioomax.com\/index.php?rest_route=\/wp\/v2\/posts\/3124\/revisions\/3126"}],"wp:featuredmedia":[{"embeddable":true,"href":"https:\/\/radioomax.com\/index.php?rest_route=\/wp\/v2\/media\/3125"}],"wp:attachment":[{"href":"https:\/\/radioomax.com\/index.php?rest_route=%2Fwp%2Fv2%2Fmedia&parent=3124"}],"wp:term":[{"taxonomy":"category","embeddable":true,"href":"https:\/\/radioomax.com\/index.php?rest_route=%2Fwp%2Fv2%2Fcategories&post=3124"},{"taxonomy":"post_tag","embeddable":true,"href":"https:\/\/radioomax.com\/index.php?rest_route=%2Fwp%2Fv2%2Ftags&post=3124"}],"curies":[{"name":"wp","href":"https:\/\/api.w.org\/{rel}","templated":true}]}}