{"id":3159,"date":"2025-11-29T14:26:00","date_gmt":"2025-11-29T20:26:00","guid":{"rendered":"https:\/\/radioomax.com\/?p=3159"},"modified":"2025-11-30T02:34:14","modified_gmt":"2025-11-30T08:34:14","slug":"buscan-en-todo-el-pais-al-jefe-de-escoltas-del-alcalde-asesinado-carlos-manzo","status":"publish","type":"post","link":"https:\/\/radioomax.com\/?p=3159","title":{"rendered":"Buscan en todo el pa\u00eds al jefe de escoltas del alcalde asesinado Carlos Manzo"},"content":{"rendered":"\n<p>Fiscal\u00eda de Michoac\u00e1n solicit\u00f3 a poyo a procuradur\u00edas e instancias de seguridad para localizar al jefe de escoltas del alcalde Carlos Manzo<\/p>\n\n\n\n<p>noviembre 29, 2025<\/p>\n\n\n\n<p>La <strong>Fiscal\u00eda de Michoac\u00e1n<\/strong> solicit\u00f3 el apoyo de las instancias de seguridad y procuradur\u00edas del pa\u00eds para localizar a <strong>Jos\u00e9 Manuel Jim\u00e9nez Miranda<\/strong>, <strong>jefe de escoltas<\/strong> del alcalde asesinado de <strong>Uruapan, Carlos Manzo<\/strong>.<\/p>\n\n\n\n<p><strong>Carlos Torres Pi\u00f1a<\/strong>, fiscal general de Michoac\u00e1n, espera que pronto se pueda cumplimentar la <a href=\"https:\/\/lopezdoriga.com\/nacional\/jose-manuel-jimenez-jefe-de-escoltas-carlos-manzo-profugo-justicia\/\" target=\"_blank\" rel=\"noreferrer noopener\">orden de aprehensi\u00f3n<\/a> que existe contra el jefe de escoltas de Manzo rodr\u00edguez.<\/p>\n\n\n\n<p>\u201cLe estamos dando seguimiento y esperemos poder cumplimentar esa orden de aprehensi\u00f3n, pr\u00f3ximamente. \u00c9l era el coordinador de escoltas\u201d, indic\u00f3.<\/p>\n\n\n\n<p>\u201cYa se hizo la solicitud de colaboraci\u00f3n a las diferentes \u00e1reas de seguridad municipales, estatales y federales\u201d, expuso.<\/p>\n\n\n\n<p>El funcionario estatal explic\u00f3 que el coronel retirado del Ej\u00e9rcito est\u00e1 en la misma causa penal que los otros <strong>siete escoltas<\/strong> de Manzo Rodr\u00edguez, quienes esta semana ya fueron <strong>vinculados a proceso<\/strong> por el delito de <strong>homicidio calificado<\/strong>&nbsp;y<strong>&nbsp;lesiones calificadas<\/strong>, por comisi\u00f3n por omisi\u00f3n, en calidad de garantes.<\/p>\n\n\n\n<p>Torres Pi\u00f1a apunt\u00f3 que por el caso de homicidio del alcalde Carlos Manzo se han llevado a cabo 274 diligencias, las cuales sustentan la carpeta de investigaci\u00f3n.<\/p>\n\n\n\n<p>Enfatiz\u00f3 que de este total de diligencias, 143 son dict\u00e1menes periciales, 128 entrevistas y 10 t\u00e9cnicas de datos conservados, los cuales ha presentado la Fiscal\u00eda estatal como pruebas para obtener las \u00f3rdenes de aprehensi\u00f3n.<\/p>\n\n\n\n<p>\u201cPero con lo que ya se tiene en las audiencias donde se vincularon a proceso (a los siete escoltas) fue un avance fundamental. Le agradezco mucho a las fuerzas federales y a las instituciones, al secretario <strong>Omar Garc\u00eda Harfuch<\/strong>, por todo el apoyo y el respaldo y el personal que ha estado aqu\u00ed con nosotros colaborando\u201d, puntualiz\u00f3.<\/p>\n\n\n\n<p>Carlos Manzo Rodr\u00edguez, alcalde de Uruapan, fue asesinado a balazos la noche del s\u00e1bado 1 de noviembre de 2025, durante un evento por el D\u00eda de Muertos en dicho municipio de Michoac\u00e1n.<\/p>\n","protected":false},"excerpt":{"rendered":"<p>Fiscal\u00eda de Michoac\u00e1n solicit\u00f3 a poyo a procuradur\u00edas e instancias de seguridad para localizar al jefe de escoltas<\/p>\n","protected":false},"author":1,"featured_media":3160,"comment_status":"open","ping_status":"closed","sticky":false,"template":"","format":"standard","meta":{"footnotes":""},"categories":[7],"tags":[],"class_list":["post-3159","post","type-post","status-publish","format-standard","has-post-thumbnail","hentry","category-nacional"],"_links":{"self":[{"href":"https:\/\/radioomax.com\/index.php?rest_route=\/wp\/v2\/posts\/3159","targetHints":{"allow":["GET"]}}],"collection":[{"href":"https:\/\/radioomax.com\/index.php?rest_route=\/wp\/v2\/posts"}],"about":[{"href":"https:\/\/radioomax.com\/index.php?rest_route=\/wp\/v2\/types\/post"}],"author":[{"embeddable":true,"href":"https:\/\/radioomax.com\/index.php?rest_route=\/wp\/v2\/users\/1"}],"replies":[{"embeddable":true,"href":"https:\/\/radioomax.com\/index.php?rest_route=%2Fwp%2Fv2%2Fcomments&post=3159"}],"version-history":[{"count":1,"href":"https:\/\/radioomax.com\/index.php?rest_route=\/wp\/v2\/posts\/3159\/revisions"}],"predecessor-version":[{"id":3161,"href":"https:\/\/radioomax.com\/index.php?rest_route=\/wp\/v2\/posts\/3159\/revisions\/3161"}],"wp:featuredmedia":[{"embeddable":true,"href":"https:\/\/radioomax.com\/index.php?rest_route=\/wp\/v2\/media\/3160"}],"wp:attachment":[{"href":"https:\/\/radioomax.com\/index.php?rest_route=%2Fwp%2Fv2%2Fmedia&parent=3159"}],"wp:term":[{"taxonomy":"category","embeddable":true,"href":"https:\/\/radioomax.com\/index.php?rest_route=%2Fwp%2Fv2%2Fcategories&post=3159"},{"taxonomy":"post_tag","embeddable":true,"href":"https:\/\/radioomax.com\/index.php?rest_route=%2Fwp%2Fv2%2Ftags&post=3159"}],"curies":[{"name":"wp","href":"https:\/\/api.w.org\/{rel}","templated":true}]}}