{"id":3292,"date":"2025-12-05T11:53:24","date_gmt":"2025-12-05T17:53:24","guid":{"rendered":"https:\/\/radioomax.com\/?p=3292"},"modified":"2025-12-05T11:53:28","modified_gmt":"2025-12-05T17:53:28","slug":"municipio-operara-con-guardias-durante-el-periodo-vacacional","status":"publish","type":"post","link":"https:\/\/radioomax.com\/?p=3292","title":{"rendered":"Municipio operar\u00e1 con guardias durante el periodo vacacional"},"content":{"rendered":"\n<p>CD.MADERO, TAMAULIPAS.. \u2013 Aunque el periodo vacacional decembrino est\u00e1 pr\u00f3ximo a iniciar, el Ayuntamiento garantizar\u00e1 la continuidad de los servicios esenciales mediante personal de guardia, inform\u00f3 el secretario del Ayuntamiento, H\u00e9ctor Mar\u00edn Rodr\u00edguez.<\/p>\n\n\n\n<p>El funcionario explic\u00f3 que los d\u00edas de descanso para el personal municipal ser\u00e1n asignados conforme a la ley; sin embargo, \u00e1reas clave como Tr\u00e1nsito, Protecci\u00f3n Civil y Tesorer\u00eda, espec\u00edficamente el departamento de Ingresos Municipales, permanecer\u00e1n abiertas en horario normal para atender a la ciudadan\u00eda sin interrupciones.<\/p>\n\n\n\n<p>\u201cLas oficinas que realizan tr\u00e1mites importantes estar\u00e1n operando con normalidad. Otras \u00e1reas trabajar\u00e1n con menor personal, pero contar\u00e1n con guardias para que ning\u00fan servicio se detenga\u201d, se\u00f1al\u00f3.<\/p>\n\n\n\n<p>Mar\u00edn Rodr\u00edguez indic\u00f3 que est\u00e1n a la espera de que el Gobierno del Estado publique oficialmente sus fechas de vacaciones, con el fin de empatar el calendario municipal y evitar desajustes administrativos.<\/p>\n\n\n\n<p>A\u00f1adi\u00f3 que, aunque los trabajadores municipales tienen derecho a su periodo vacacional, las guardias se definir\u00e1n mediante rotaciones. Aquellos empleados que no puedan tomar descanso en diciembre podr\u00e1n hacerlo en otras fechas.<\/p>\n\n\n\n<p>\u201cLa idea es que las \u00e1reas operativas est\u00e9n siempre funcionando. Aunque haya personal de vacaciones, los servicios a la ciudadan\u00eda no se detendr\u00e1n\u201d, puntualiz\u00f3.<\/p>\n","protected":false},"excerpt":{"rendered":"<p>CD.MADERO, TAMAULIPAS.. \u2013 Aunque el periodo vacacional decembrino est\u00e1 pr\u00f3ximo a iniciar, el Ayuntamiento garantizar\u00e1 la continuidad de<\/p>\n","protected":false},"author":1,"featured_media":3293,"comment_status":"open","ping_status":"closed","sticky":false,"template":"","format":"standard","meta":{"footnotes":""},"categories":[6],"tags":[],"class_list":["post-3292","post","type-post","status-publish","format-standard","has-post-thumbnail","hentry","category-madero"],"_links":{"self":[{"href":"https:\/\/radioomax.com\/index.php?rest_route=\/wp\/v2\/posts\/3292","targetHints":{"allow":["GET"]}}],"collection":[{"href":"https:\/\/radioomax.com\/index.php?rest_route=\/wp\/v2\/posts"}],"about":[{"href":"https:\/\/radioomax.com\/index.php?rest_route=\/wp\/v2\/types\/post"}],"author":[{"embeddable":true,"href":"https:\/\/radioomax.com\/index.php?rest_route=\/wp\/v2\/users\/1"}],"replies":[{"embeddable":true,"href":"https:\/\/radioomax.com\/index.php?rest_route=%2Fwp%2Fv2%2Fcomments&post=3292"}],"version-history":[{"count":1,"href":"https:\/\/radioomax.com\/index.php?rest_route=\/wp\/v2\/posts\/3292\/revisions"}],"predecessor-version":[{"id":3294,"href":"https:\/\/radioomax.com\/index.php?rest_route=\/wp\/v2\/posts\/3292\/revisions\/3294"}],"wp:featuredmedia":[{"embeddable":true,"href":"https:\/\/radioomax.com\/index.php?rest_route=\/wp\/v2\/media\/3293"}],"wp:attachment":[{"href":"https:\/\/radioomax.com\/index.php?rest_route=%2Fwp%2Fv2%2Fmedia&parent=3292"}],"wp:term":[{"taxonomy":"category","embeddable":true,"href":"https:\/\/radioomax.com\/index.php?rest_route=%2Fwp%2Fv2%2Fcategories&post=3292"},{"taxonomy":"post_tag","embeddable":true,"href":"https:\/\/radioomax.com\/index.php?rest_route=%2Fwp%2Fv2%2Ftags&post=3292"}],"curies":[{"name":"wp","href":"https:\/\/api.w.org\/{rel}","templated":true}]}}