{"id":3295,"date":"2025-12-05T22:34:00","date_gmt":"2025-12-06T04:34:00","guid":{"rendered":"https:\/\/radioomax.com\/?p=3295"},"modified":"2025-12-06T10:36:30","modified_gmt":"2025-12-06T16:36:30","slug":"familias-de-gomez-farias-reciben-la-brigada-transformando-familias-del-dif-tamaulipas","status":"publish","type":"post","link":"https:\/\/radioomax.com\/?p=3295","title":{"rendered":"Familias de G\u00f3mez Far\u00edas reciben la Brigada Transformando Familias del DIF Tamaulipas"},"content":{"rendered":"\n<p><a><\/a>G\u00f3mez Far\u00edas, Tamaulipas. En el poblado Loma Alta de este municipio, el Sistema para el Desarrollo Integral de la Familia de Tamaulipas, presidido por la doctora Mar\u00eda de Villarreal, instal\u00f3 los m\u00f3dulos de atenci\u00f3n de la brigada Transformando Familias con personal de las instituciones de los tres \u00f3rdenes de gobierno, quienes acercaron productos, tr\u00e1mites y servicios a poco m\u00e1s de mil personas que desde temprana hora acudieron a la unidad deportiva del lugar.<\/p>\n\n\n\n<p>\u201cEstamos muy contentos de compartir la oportunidad de saludarlos, verlos, atenderlos y escuchar las necesidades m\u00e1s sentidas que tienen ustedes. Es el momento de acercarse a nosotros, acudir al \u00e1rea de atenci\u00f3n ciudadana para expresar de frente qu\u00e9 les hace falta y qu\u00e9 requieren ahora. Se entregan apoyos funcionales, aparatos auditivos, actas de nacimiento, escrituras de propiedad, lentes y muchos beneficios m\u00e1s que pueden aprovechar hoy\u201d, se\u00f1al\u00f3 Patricia Lara Ayala, directora general del DIF Estatal, al arribar al evento.<\/p>\n\n\n\n<p>Destac\u00f3 que, gracias al trabajo coordinado de la doctora Mar\u00eda y del doctor Am\u00e9rico, se han logrado avances significativos para las familias de Tamaulipas. A nombre del gobernador y de la presidenta del DIF Tamaulipas, agradeci\u00f3 la presencia de la comunidad e invit\u00f3 a aprovechar cada uno de los beneficios puestos a disposici\u00f3n, coordinados por los Mensajeros de Paz, quienes ofrecieron servicios asistenciales de la instituci\u00f3n.<\/p>\n\n\n\n<p>Las Secretar\u00edas de Bienestar Social; Desarrollo Rural, Pesca y Alimentaci\u00f3n; Desarrollo Urbano y Medio Ambiente; Educaci\u00f3n; Finanzas; Obras P\u00fablicas; Recursos Hidr\u00e1ulicos para el Desarrollo Social; Salud; Seguridad P\u00fablica; del Trabajo; Turismo y la General de Gobierno, as\u00ed como los Institutos del Deporte, ITABEC, ITIFE, ITAVU, ITCA, J\u00f3venes Tamaulipas, ITEA, Mujeres Tamaulipas y centros educativos como la UAT, el Instituto Tecnol\u00f3gico Superior de El Mante, el Colegio de Bachilleres, ITACE y la Universidad de Seguridad y Justicia, participaron en la brigada.<\/p>\n","protected":false},"excerpt":{"rendered":"<p>G\u00f3mez Far\u00edas, Tamaulipas. En el poblado Loma Alta de este municipio, el Sistema para el Desarrollo Integral de<\/p>\n","protected":false},"author":1,"featured_media":3296,"comment_status":"open","ping_status":"closed","sticky":false,"template":"","format":"standard","meta":{"footnotes":""},"categories":[4],"tags":[],"class_list":["post-3295","post","type-post","status-publish","format-standard","has-post-thumbnail","hentry","category-tamaulipas"],"_links":{"self":[{"href":"https:\/\/radioomax.com\/index.php?rest_route=\/wp\/v2\/posts\/3295","targetHints":{"allow":["GET"]}}],"collection":[{"href":"https:\/\/radioomax.com\/index.php?rest_route=\/wp\/v2\/posts"}],"about":[{"href":"https:\/\/radioomax.com\/index.php?rest_route=\/wp\/v2\/types\/post"}],"author":[{"embeddable":true,"href":"https:\/\/radioomax.com\/index.php?rest_route=\/wp\/v2\/users\/1"}],"replies":[{"embeddable":true,"href":"https:\/\/radioomax.com\/index.php?rest_route=%2Fwp%2Fv2%2Fcomments&post=3295"}],"version-history":[{"count":1,"href":"https:\/\/radioomax.com\/index.php?rest_route=\/wp\/v2\/posts\/3295\/revisions"}],"predecessor-version":[{"id":3297,"href":"https:\/\/radioomax.com\/index.php?rest_route=\/wp\/v2\/posts\/3295\/revisions\/3297"}],"wp:featuredmedia":[{"embeddable":true,"href":"https:\/\/radioomax.com\/index.php?rest_route=\/wp\/v2\/media\/3296"}],"wp:attachment":[{"href":"https:\/\/radioomax.com\/index.php?rest_route=%2Fwp%2Fv2%2Fmedia&parent=3295"}],"wp:term":[{"taxonomy":"category","embeddable":true,"href":"https:\/\/radioomax.com\/index.php?rest_route=%2Fwp%2Fv2%2Fcategories&post=3295"},{"taxonomy":"post_tag","embeddable":true,"href":"https:\/\/radioomax.com\/index.php?rest_route=%2Fwp%2Fv2%2Ftags&post=3295"}],"curies":[{"name":"wp","href":"https:\/\/api.w.org\/{rel}","templated":true}]}}