{"id":3334,"date":"2025-12-06T23:23:40","date_gmt":"2025-12-07T05:23:40","guid":{"rendered":"https:\/\/radioomax.com\/?p=3334"},"modified":"2025-12-06T23:23:43","modified_gmt":"2025-12-07T05:23:43","slug":"venezuela-dice-que-sus-fuerzas-armadas-estan-cada-dia-mas-listas-para-responder-a-las-agresiones","status":"publish","type":"post","link":"https:\/\/radioomax.com\/?p=3334","title":{"rendered":"Venezuela dice que sus Fuerzas Armadas est\u00e1n cada d\u00eda m\u00e1s listas para responder a las agresiones"},"content":{"rendered":"\n<p>El ministro de Defensa de Venezuela, Vladimir Padrino L\u00f3pez, dijo que las fuerzas armada del pa\u00eds est\u00e1n unidas \u201choy m\u00e1s que nunca\u201d<\/p>\n\n\n\n<p>El ministro de Defensa de Venezuela, Vladimir Padrino L\u00f3pez, afirm\u00f3 que la Fuerza Armada Nacional Bolivariana (FANB) est\u00e1 cada d\u00eda \u201cm\u00e1s que preparada\u201d para dar una \u201crespuesta contundente\u201d a aquel que se \u201catreva a agredir\u201d al pa\u00eds, que se mantiene alerta por el despliegue militar de Estados Unidos en el mar Caribe, visto por Caracas como un intento de propiciar un cambio de r\u00e9gimen.<\/p>\n\n\n\n<p>\u201cUna Fuerza Armada, hoy m\u00e1s que nunca, cohesionada, unida al pueblo, como nunca antes en la historia de Venezuela. Una Fuerza Armada cada d\u00eda m\u00e1s profesional, m\u00e1s popular y m\u00e1s preparada para dar una respuesta contundente a aquel que se atreva a agredir la integridad de la patria\u201d, manifest\u00f3 Padrino, en una transmisi\u00f3n del canal estatal Venezolana de Televisi\u00f3n (VTV).<\/p>\n\n\n\n<p>El titular de Defensa manifest\u00f3 que, \u201cbajo el liderazgo\u201d del presidente Nicol\u00e1s Maduro, Venezuela se va a defender \u201ccuando sea necesario\u201d para \u201cmantener \u00edntegra\u201d la patria.<\/p>\n\n\n\n<p>M\u00e1s temprano, el secretario general del Partido Socialista Unido de Venezuela (PSUV), Diosdado Cabello, afirm\u00f3 que el pa\u00eds est\u00e1 en \u201cuna revoluci\u00f3n pac\u00edfica, pero no es una revoluci\u00f3n desarmada\u201d.<\/p>\n\n\n\n<p>Durante una juramentaci\u00f3n de comandos de comunidad bolivarianos, transmitida por VTV desde el estado Monagas (este), Cabello record\u00f3 que Maduro orden\u00f3, hace meses, una \u201cresistencia activa prolongada\u201d, pero tambi\u00e9n la \u201cofensiva permanente\u201d para defender Venezuela.<\/p>\n\n\n\n<p>\u201cUna resistencia activa prolongada. \u00bfQu\u00e9 significa? El pa\u00eds no se paraliza. Seguimos trabajando, disfrutando, seguimos haciendo lo que hacemos todos los d\u00edas en este pa\u00eds, pero pendientes de los detalles. (\u2026) No nos podemos dejar arrinconar por nadie\u201d, expres\u00f3 Cabello.<\/p>\n\n\n\n<p>Asimismo, afirm\u00f3 que han sido \u201ccuatro meses intensos de amenazas\u201d, en referencia al inicio del despliegue militar en el Caribe por parte de Estados Unidos, pa\u00eds al que acus\u00f3 de ejercer \u201cterrorismo psicol\u00f3gico\u201d contra la Fuerza Armada Nacional Bolivariana y contra los venezolanos.<\/p>\n\n\n\n<p>\u201cTodos los d\u00edas una amenaza. \u00bfPor qu\u00e9 lo hacen? Porque creen que nos van a doblegar por el miedo. Y no nos conocen. No saben de qu\u00e9 estamos hechos\u201d, subray\u00f3 el tambi\u00e9n ministro de Interior.<\/p>\n\n\n\n<p>Estados Unidos mantiene un despliegue militar en el Caribe, cerca de aguas venezolanas, bajo el argumento de combatir el narcotr\u00e1fico, pero que Venezuela ha denunciado como una \u201camenaza\u201d que busca propiciar un cambio de Gobierno.<\/p>\n","protected":false},"excerpt":{"rendered":"<p>El ministro de Defensa de Venezuela, Vladimir Padrino L\u00f3pez, dijo que las fuerzas armada del pa\u00eds est\u00e1n unidas<\/p>\n","protected":false},"author":1,"featured_media":3335,"comment_status":"open","ping_status":"closed","sticky":false,"template":"","format":"standard","meta":{"footnotes":""},"categories":[8],"tags":[],"class_list":["post-3334","post","type-post","status-publish","format-standard","has-post-thumbnail","hentry","category-internacional"],"_links":{"self":[{"href":"https:\/\/radioomax.com\/index.php?rest_route=\/wp\/v2\/posts\/3334","targetHints":{"allow":["GET"]}}],"collection":[{"href":"https:\/\/radioomax.com\/index.php?rest_route=\/wp\/v2\/posts"}],"about":[{"href":"https:\/\/radioomax.com\/index.php?rest_route=\/wp\/v2\/types\/post"}],"author":[{"embeddable":true,"href":"https:\/\/radioomax.com\/index.php?rest_route=\/wp\/v2\/users\/1"}],"replies":[{"embeddable":true,"href":"https:\/\/radioomax.com\/index.php?rest_route=%2Fwp%2Fv2%2Fcomments&post=3334"}],"version-history":[{"count":1,"href":"https:\/\/radioomax.com\/index.php?rest_route=\/wp\/v2\/posts\/3334\/revisions"}],"predecessor-version":[{"id":3336,"href":"https:\/\/radioomax.com\/index.php?rest_route=\/wp\/v2\/posts\/3334\/revisions\/3336"}],"wp:featuredmedia":[{"embeddable":true,"href":"https:\/\/radioomax.com\/index.php?rest_route=\/wp\/v2\/media\/3335"}],"wp:attachment":[{"href":"https:\/\/radioomax.com\/index.php?rest_route=%2Fwp%2Fv2%2Fmedia&parent=3334"}],"wp:term":[{"taxonomy":"category","embeddable":true,"href":"https:\/\/radioomax.com\/index.php?rest_route=%2Fwp%2Fv2%2Fcategories&post=3334"},{"taxonomy":"post_tag","embeddable":true,"href":"https:\/\/radioomax.com\/index.php?rest_route=%2Fwp%2Fv2%2Ftags&post=3334"}],"curies":[{"name":"wp","href":"https:\/\/api.w.org\/{rel}","templated":true}]}}