{"id":5088,"date":"2026-02-19T14:06:00","date_gmt":"2026-02-19T20:06:00","guid":{"rendered":"https:\/\/radioomax.com\/?p=5088"},"modified":"2026-02-20T02:22:35","modified_gmt":"2026-02-20T08:22:35","slug":"arman-a-transitos-de-madero-con-pistolas-radares-de-velocidad","status":"publish","type":"post","link":"https:\/\/radioomax.com\/?p=5088","title":{"rendered":"Arman a tr\u00e1nsitos de Madero con \u201cPistolas Radares de Velocidad\u201d"},"content":{"rendered":"\n<p>CD. MADERO, TAMAULIPAS. \u2013 Autoridades municipales iniciaron un periodo de prueba para la implementaci\u00f3n de nuevos radares de velocidad en el Corredor Urbano, con el objetivo de reducir accidentes y fomentar una conducci\u00f3n m\u00e1s segura.<\/p>\n\n\n\n<p>El director de Gobierno, Mario Lara, inform\u00f3 que esta medida surge luego de diversos incidentes registrados recientemente en esta importante vialidad que conecta Altamira con Ciudad Madero.<\/p>\n\n\n\n<p>Explic\u00f3 que, en esta primera etapa, se realiza un ejercicio de evaluaci\u00f3n para analizar la viabilidad de un operativo formal de vigilancia, el cual estar\u00eda enfocado inicialmente en el transporte pesado.<\/p>\n\n\n\n<p>\u201cEstamos haciendo un ejercicio de prueba, derivado de algunos incidentes que se han presentado en el Corredor Urbano. Estamos valorando la posibilidad de implementar un operativo, comenzando con el transporte de carga\u201d, se\u00f1al\u00f3.<\/p>\n\n\n\n<p>El funcionario destac\u00f3 que la vialidad cuenta con se\u00f1alizaci\u00f3n visible sobre los l\u00edmites de velocidad, los cuales var\u00edan dependiendo del tramo. Precis\u00f3 que al transitar de Altamira hacia Ciudad Madero, el l\u00edmite es de 60 kil\u00f3metros por hora, aunque en algunas zonas se reduce hasta 40 km\/h.<\/p>\n\n\n\n<p>Asimismo, indic\u00f3 que, de ser necesario, el operativo podr\u00eda extenderse posteriormente al transporte p\u00fablico y a los conductores particulares.<\/p>\n\n\n\n<p>Mario Lara subray\u00f3 que el principal objetivo de esta medida es generar mayor conciencia entre los automovilistas y prevenir accidentes, por lo que hizo un llamado a respetar los l\u00edmites de velocidad y conducir con responsabilidad.<\/p>\n\n\n\n<p>Finalmente, adelant\u00f3 que se contempla reforzar la presencia de elementos de tr\u00e1nsito en la zona, a fin de garantizar la seguridad de quienes diariamente circulan por esta vialidad.<\/p>\n","protected":false},"excerpt":{"rendered":"<p>CD. MADERO, TAMAULIPAS. \u2013 Autoridades municipales iniciaron un periodo de prueba para la implementaci\u00f3n de nuevos radares de<\/p>\n","protected":false},"author":1,"featured_media":5089,"comment_status":"open","ping_status":"closed","sticky":false,"template":"","format":"standard","meta":{"footnotes":""},"categories":[6],"tags":[],"class_list":["post-5088","post","type-post","status-publish","format-standard","has-post-thumbnail","hentry","category-madero"],"_links":{"self":[{"href":"https:\/\/radioomax.com\/index.php?rest_route=\/wp\/v2\/posts\/5088","targetHints":{"allow":["GET"]}}],"collection":[{"href":"https:\/\/radioomax.com\/index.php?rest_route=\/wp\/v2\/posts"}],"about":[{"href":"https:\/\/radioomax.com\/index.php?rest_route=\/wp\/v2\/types\/post"}],"author":[{"embeddable":true,"href":"https:\/\/radioomax.com\/index.php?rest_route=\/wp\/v2\/users\/1"}],"replies":[{"embeddable":true,"href":"https:\/\/radioomax.com\/index.php?rest_route=%2Fwp%2Fv2%2Fcomments&post=5088"}],"version-history":[{"count":1,"href":"https:\/\/radioomax.com\/index.php?rest_route=\/wp\/v2\/posts\/5088\/revisions"}],"predecessor-version":[{"id":5090,"href":"https:\/\/radioomax.com\/index.php?rest_route=\/wp\/v2\/posts\/5088\/revisions\/5090"}],"wp:featuredmedia":[{"embeddable":true,"href":"https:\/\/radioomax.com\/index.php?rest_route=\/wp\/v2\/media\/5089"}],"wp:attachment":[{"href":"https:\/\/radioomax.com\/index.php?rest_route=%2Fwp%2Fv2%2Fmedia&parent=5088"}],"wp:term":[{"taxonomy":"category","embeddable":true,"href":"https:\/\/radioomax.com\/index.php?rest_route=%2Fwp%2Fv2%2Fcategories&post=5088"},{"taxonomy":"post_tag","embeddable":true,"href":"https:\/\/radioomax.com\/index.php?rest_route=%2Fwp%2Fv2%2Ftags&post=5088"}],"curies":[{"name":"wp","href":"https:\/\/api.w.org\/{rel}","templated":true}]}}