{"id":6138,"date":"2026-04-22T23:38:36","date_gmt":"2026-04-23T05:38:36","guid":{"rendered":"https:\/\/radioomax.com\/?p=6138"},"modified":"2026-04-25T23:45:33","modified_gmt":"2026-04-26T05:45:33","slug":"cruz-azul-despide-a-nicolas-larcamon-a-dias-de-encarar-la-liguilla","status":"publish","type":"post","link":"https:\/\/radioomax.com\/?p=6138","title":{"rendered":"Cruz Azul despide a Nicol\u00e1s Larcam\u00f3n, a d\u00edas de encarar la Liguilla"},"content":{"rendered":"\n<p>El despido de Larcam\u00f3n ocurre tras la mala racha de resultados en el actual semestre y tras sus cr\u00edticas contra la directiva de Cruz Azul<\/p>\n\n\n\n<p>abril 22, 2026<\/p>\n\n\n\n<p>La directiva de Cruz Azul despidi\u00f3 al t\u00e9cnico argentino Nicol\u00e1s Larcam\u00f3n a tan solo una fecha de concluir la fase regular del Clausura 2026 de la Liga MX y a d\u00edas de iniciar la Liguilla por el t\u00edtulo.<\/p>\n\n\n\n<p>Dicha decisi\u00f3n ocurre tras la reuni\u00f3n de emergencia este martes 21 de abril entre el presidente de La M\u00e1quina, V\u00edctor Vel\u00e1zquez, e Iv\u00e1n Alonso, quien funge director deportivo de la instituci\u00f3n cementera.<\/p>\n\n\n\n<p>El despido de Larcam\u00f3n ocurre tras la mala racha en el actual semestre, donde acumul\u00f3 nueve partidos consecutivos sin ganar, adem\u00e1s de las declaraciones en donde critic\u00f3 a la directiva cementera en su \u00faltimo partido ante los Gallos Blancos de Quer\u00e9taro, juego que termin\u00f3 empatado 1-1.<\/p>\n\n\n\n<p>\u201cDisculparnos con la afici\u00f3n, hemos tenido m\u00e9ritos pero no es de merecimientos, nos responsabilizamos por los resultados\u201d, indic\u00f3.<\/p>\n\n\n\n<p>\u201cEs una excelente noticia (el regreso de Cruz Azul al Estadio Banorte) que llega muy tarde, el dejar de viajar. Luego, en las mesas de debate se habla de excusas, pero el que estuvo en una delegaci\u00f3n sabe de la exigencia propia que suponen estos viajes. Volvieron antes (al Coloso de Santa \u00darsula) las leyendas de M\u00e9xico y Brasil que nosotros, pero bueno, hay que enfocarse en lo que nos compete porque hoy las respuestas inmediatas que tenemos que dar son en lo deportivo\u201d, lanz\u00f3 en la conferencia de prensa tras el juego.<\/p>\n\n\n\n<p>El proceso del estratega argentino incluy\u00f3 un total de 46 encuentros oficiales, en donde particip\u00f3 en cinco torneos:<\/p>\n\n\n\n<p>Apertura 2025 (Liga MX): Alcanz\u00f3 la instancia de semifinales, en donde cay\u00f3 ante los Tigres de la UANL.<\/p>\n\n\n\n<p>Clausura 2026 (Liga MX): El equipo se ubica en la cuarta posici\u00f3n con 30 puntos, logrando la clasificaci\u00f3n matem\u00e1tica a la Liguilla.<\/p>\n\n\n\n<p>Concachampions 2026: Eliminaci\u00f3n en Cuartos de Final frente a Los \u00c1ngeles FC (marcador global 4-1) el 14 de abril.<\/p>\n\n\n\n<p>Leagues Cup 2025: Eliminaci\u00f3n en ronda inicial, que incluy\u00f3 una derrota por marcador de 7-0 ante el Seattle Sounders.<\/p>\n\n\n\n<p>Copa Intercontinental 2025: Derrota en el Derbi de las Am\u00e9rica por 2-1 ante el Flamengo de Brasil.<\/p>\n\n\n\n<p>Racha negativa de Larcam\u00f3n y Cruz Azul en el Clausura 2026<\/p>\n\n\n\n<p>El foco de la crisis en Cruz Azul radica en la par\u00e1lisis de resultados de las \u00faltimas semanas, donde acumula nueve partidos consecutivos sin ganar entre Liga MX y Copa de Campeones de la Concacaf.<\/p>\n\n\n\n<p>La \u00faltima victoria cementera en el actual semestre ocurri\u00f3 en el juego de ida de Octavos de Final de la Concachampions, cuando La M\u00e1quina venci\u00f3 a los Monterrey por marcador de 3-2 en el Estadio BBVA.<\/p>\n","protected":false},"excerpt":{"rendered":"<p>El despido de Larcam\u00f3n ocurre tras la mala racha de resultados en el actual semestre y tras sus<\/p>\n","protected":false},"author":1,"featured_media":6139,"comment_status":"open","ping_status":"closed","sticky":false,"template":"","format":"standard","meta":{"footnotes":""},"categories":[9],"tags":[],"class_list":["post-6138","post","type-post","status-publish","format-standard","has-post-thumbnail","hentry","category-deportes"],"_links":{"self":[{"href":"https:\/\/radioomax.com\/index.php?rest_route=\/wp\/v2\/posts\/6138","targetHints":{"allow":["GET"]}}],"collection":[{"href":"https:\/\/radioomax.com\/index.php?rest_route=\/wp\/v2\/posts"}],"about":[{"href":"https:\/\/radioomax.com\/index.php?rest_route=\/wp\/v2\/types\/post"}],"author":[{"embeddable":true,"href":"https:\/\/radioomax.com\/index.php?rest_route=\/wp\/v2\/users\/1"}],"replies":[{"embeddable":true,"href":"https:\/\/radioomax.com\/index.php?rest_route=%2Fwp%2Fv2%2Fcomments&post=6138"}],"version-history":[{"count":1,"href":"https:\/\/radioomax.com\/index.php?rest_route=\/wp\/v2\/posts\/6138\/revisions"}],"predecessor-version":[{"id":6140,"href":"https:\/\/radioomax.com\/index.php?rest_route=\/wp\/v2\/posts\/6138\/revisions\/6140"}],"wp:featuredmedia":[{"embeddable":true,"href":"https:\/\/radioomax.com\/index.php?rest_route=\/wp\/v2\/media\/6139"}],"wp:attachment":[{"href":"https:\/\/radioomax.com\/index.php?rest_route=%2Fwp%2Fv2%2Fmedia&parent=6138"}],"wp:term":[{"taxonomy":"category","embeddable":true,"href":"https:\/\/radioomax.com\/index.php?rest_route=%2Fwp%2Fv2%2Fcategories&post=6138"},{"taxonomy":"post_tag","embeddable":true,"href":"https:\/\/radioomax.com\/index.php?rest_route=%2Fwp%2Fv2%2Ftags&post=6138"}],"curies":[{"name":"wp","href":"https:\/\/api.w.org\/{rel}","templated":true}]}}