{"id":6175,"date":"2026-04-23T12:57:00","date_gmt":"2026-04-23T18:57:00","guid":{"rendered":"https:\/\/radioomax.com\/?p=6175"},"modified":"2026-04-26T01:01:40","modified_gmt":"2026-04-26T07:01:40","slug":"roca-rey-sufre-cornada-en-la-maestranza-de-sevilla","status":"publish","type":"post","link":"https:\/\/radioomax.com\/?p=6175","title":{"rendered":"Roca Rey sufre cornada en La Maestranza de Sevilla"},"content":{"rendered":"\n<p>El diestro peruano Andr\u00e9s Roca Rey sufri\u00f3 una cornada durante el decimotercer festejo de la Feria de Abril 2026, en Sevilla<\/p>\n\n\n\n<p>abril 23, 2026<\/p>\n\n\n\n<p>El diestro peruano Andr\u00e9s Roca Rey sufri\u00f3 una cornada en la cara interna del muslo derecho al entrar a matar al quinto toro de la corrida que se celebr\u00f3 el mi\u00e9rcoles 23 de abril de 2026 en la plaza de la Maestranza de Sevilla, Espa\u00f1a, decimotercer festejo de la Feria de Abril.<\/p>\n\n\n\n<p>El toro, de la ganader\u00eda de Toros de Cort\u00e9s, se le arranc\u00f3 por sorpresa a Roca, al que hiri\u00f3 de forma certera mientras enterraba la espada atacando muy en corto, momento en el que fue prendido y zarandeado durante unos interminables segundos hasta dejarle tendido en la arena.<\/p>\n\n\n\n<p>Hasta all\u00ed llegaron las cuadrillas para trasladarle a toda prisa a la enfermer\u00eda, donde est\u00e1 siendo operado.<\/p>\n\n\n\n<p>Jos\u00e9 Mar\u00eda Manzanares, como director de lidia, acab\u00f3 de dar muerte al astado, del que al torero de Lima se le han concedido las dos orejas, que han paseado los integrantes de su cuadrilla.<\/p>\n\n\n\n<p>Antes, en el segundo de la tarde, Roca Rey fue silenciado, al igual que Manzanares al t\u00e9rmino de sus dos faenas y el joven Javier Zulueta tras la lidia del tercero.<\/p>\n\n\n\n<p>Los toros del festejo pertenecen a los hierros de Victoriano del R\u00edo y Toros de Cort\u00e9s, y la plaza vuelve a registrar un lleno de \u2018no hay billetes\u2019.<\/p>\n\n\n\n<p>La cogida a Roca Rey se produce tres d\u00edas despu\u00e9s de la sufrida tambi\u00e9n por Morante de la Puebla en este mismo ruedo. El sevillano se encuentra ingresado en la capital hispalense despu\u00e9s de sufrir una cornada muy grave en la zona del recto.<\/p>\n","protected":false},"excerpt":{"rendered":"<p>El diestro peruano Andr\u00e9s Roca Rey sufri\u00f3 una cornada durante el decimotercer festejo de la Feria de Abril<\/p>\n","protected":false},"author":1,"featured_media":6176,"comment_status":"open","ping_status":"closed","sticky":false,"template":"","format":"standard","meta":{"footnotes":""},"categories":[9],"tags":[],"class_list":["post-6175","post","type-post","status-publish","format-standard","has-post-thumbnail","hentry","category-deportes"],"_links":{"self":[{"href":"https:\/\/radioomax.com\/index.php?rest_route=\/wp\/v2\/posts\/6175","targetHints":{"allow":["GET"]}}],"collection":[{"href":"https:\/\/radioomax.com\/index.php?rest_route=\/wp\/v2\/posts"}],"about":[{"href":"https:\/\/radioomax.com\/index.php?rest_route=\/wp\/v2\/types\/post"}],"author":[{"embeddable":true,"href":"https:\/\/radioomax.com\/index.php?rest_route=\/wp\/v2\/users\/1"}],"replies":[{"embeddable":true,"href":"https:\/\/radioomax.com\/index.php?rest_route=%2Fwp%2Fv2%2Fcomments&post=6175"}],"version-history":[{"count":1,"href":"https:\/\/radioomax.com\/index.php?rest_route=\/wp\/v2\/posts\/6175\/revisions"}],"predecessor-version":[{"id":6177,"href":"https:\/\/radioomax.com\/index.php?rest_route=\/wp\/v2\/posts\/6175\/revisions\/6177"}],"wp:featuredmedia":[{"embeddable":true,"href":"https:\/\/radioomax.com\/index.php?rest_route=\/wp\/v2\/media\/6176"}],"wp:attachment":[{"href":"https:\/\/radioomax.com\/index.php?rest_route=%2Fwp%2Fv2%2Fmedia&parent=6175"}],"wp:term":[{"taxonomy":"category","embeddable":true,"href":"https:\/\/radioomax.com\/index.php?rest_route=%2Fwp%2Fv2%2Fcategories&post=6175"},{"taxonomy":"post_tag","embeddable":true,"href":"https:\/\/radioomax.com\/index.php?rest_route=%2Fwp%2Fv2%2Ftags&post=6175"}],"curies":[{"name":"wp","href":"https:\/\/api.w.org\/{rel}","templated":true}]}}